{"id":139508,"date":"2022-01-26T14:46:35","date_gmt":"2022-01-26T19:46:35","guid":{"rendered":"https:\/\/linitiative.ca\/International\/programme-cultivons-lesprit-dentreprise-plus-de-800-jeunes-et-femmes-murissent-leurs-idees-de-projets\/"},"modified":"2022-01-26T14:46:35","modified_gmt":"2022-01-26T19:46:35","slug":"programme-cultivons-lesprit-dentreprise-plus-de-800-jeunes-et-femmes-murissent-leurs-idees-de-projets","status":"publish","type":"post","link":"https:\/\/linitiative.ca\/International\/programme-cultivons-lesprit-dentreprise-plus-de-800-jeunes-et-femmes-murissent-leurs-idees-de-projets\/","title":{"rendered":"Programme \u00ab CULTIVONS L\u2019ESPRIT D\u2019ENTREPRISE \u00bb : Plus de 800 jeunes et femmes m\u00fbrissent  leurs id\u00e9es de projets"},"content":{"rendered":"<div>\n<p><strong>Dans le cadre du Programme \u00ab CULTIVONS L\u2019ESPRIT D\u2019ENTREPRISE (CLE) \u00bb, financ\u00e9 par l\u2019Ambassade des Pays-Bas au Burkina Faso et mis en \u0153uvre par le Consortium TANAGER, LA FABRIQUE, WAKATLAB et MEDIAPROD, des sessions de formation en entrepreneuriat se d\u00e9roulent depuis le mois d\u2019octobre 2021 dans les r\u00e9gions des Cascades, du Centre-Nord, de l\u2019Est et du Sahel. Ces formations se d\u00e9composent en phases successives, formations de base, id\u00e9ation et maturation. Les camps de maturation, derni\u00e8re \u00e9tape du processus de formation, se tiennent du 10 au 25 janvier 2022 dans les quatre r\u00e9gions. Au total, plus de 800 jeunes hommes et femmes de 18 \u00e0 35 ans participent \u00e0 ces camps pour renforcer la fiabilit\u00e9 et la viabilit\u00e9 de leurs id\u00e9es d\u2019entreprises.<\/strong><\/p>\n<figure id=\"attachment_44798\" aria-describedby=\"caption-attachment-44798\" style=\"width: 300px\" class=\"wp-caption alignleft\"><img decoding=\"async\" loading=\"lazy\" class=\"wp-image-44798 size-medium\" src=\"https:\/\/linitiative.ca\/International\/wp-content\/uploads\/sites\/23\/2022\/01\/3-8-300x200-1.jpg\" alt=\"\" width=\"300\" height=\"200\" srcset=\"https:\/\/linitiative.ca\/International\/wp-content\/uploads\/sites\/23\/2022\/01\/3-8-300x200-1.jpg 300w, https:\/\/www.sidwaya.info\/wp-content\/uploads\/2022\/01\/3-8-150x100.jpg 150w, https:\/\/www.sidwaya.info\/wp-content\/uploads\/2022\/01\/3-8.jpg 595w\" sizes=\"auto, (max-width: 300px) 100vw, 300px\"><figcaption id=\"caption-attachment-44798\" class=\"wp-caption-text\">Le coordonnateur des parcours de formation en entrepreneuriat du programme CLE, Igor Yam\u00e9ogo : \u00ab la formation en entrepreneuriat comporte la formation de base, l\u2019id\u00e9ation et la maturation \u00bb.<\/figcaption><\/figure>\n<p>Ag\u00e9e de 28 ans, mari\u00e9e et m\u00e8re de deux enfants, Zeinab Kiswend-Sida Koama, r\u00e9sidente \u00e0 Banfora, est l\u2019heureuse \u00e9lue du Programme \u00ab CULTIVONS L\u2019ESPRIT D\u2019ENTREPRISE (CLE) \u00bb pour formaliser ses id\u00e9es de projets de cr\u00e9ation de plateforme de vente en ligne de produits locaux (mangues s\u00e9ch\u00e9es, anacarde, graines de souchets, c\u00e9r\u00e9ales, etc.). Elle prend part au camp de maturation du Programme CLE et b\u00e9n\u00e9ficie ainsi d\u2019outils de base pour le d\u00e9veloppement d\u2019un projet entrepreneurial, des principes de base de posture et leadership et d\u2019\u00e9largissement des champs des possibilit\u00e9s. A la suite de cette phase de formation initiale, la m\u00e8re de deux enfants prend part aux c\u00f4t\u00e9s de 1 400 jeunes s\u00e9lectionn\u00e9s parmi les meilleurs profils et les plus assidus, \u00e0 la phase d\u2019id\u00e9ation. Au cours de la phase d\u2019id\u00e9ation, Zeinab Kiswend-Sida Koama a cherch\u00e9 et tri\u00e9 des id\u00e9es primaires pour mettre en route son projet de vente en ligne de produits locaux. Et les camps de maturation, lui permettront \u2018\u2019 justement \u2018\u2019 de parfaire tous les contours de son id\u00e9e d\u2019entreprise.<\/p>\n<h2><strong>Des jeunes et femmes en camp de maturation<\/strong><\/h2>\n<p>Avec ses 250 autres camarades de la r\u00e9gion des Cascades, Zeinab Koama fait partie de ces 800 jeunes hommes et femmes sur l\u2019ensemble des r\u00e9gions d\u2019intervention \u00e0 avoir \u00e9t\u00e9 s\u00e9lectionn\u00e9s parmi les id\u00e9es les plus prometteuses. A cet \u00e9chelon de m\u00fbrissement de son projet, elle est form\u00e9e \u00e0 l\u2019identification, la qualification et la quantification des probl\u00e8mes inh\u00e9rents \u00e0 son id\u00e9e de projet ainsi qu\u2019\u00e0 la prise en compte des solutions pour d\u00e9velopper son entreprise. Dans le processus de son apprentissage, elle alterne formations en pr\u00e9sentiel et sorties sur le terrain pour tester son id\u00e9e.<\/p>\n<p>Dans ce cadre, elle effectue une sortie de terrain \u00e0 B\u00e9r\u00e9gadougou, dans la zone sucri\u00e8re de la Como\u00e9, pour questionner un groupe de femmes, sp\u00e9cialis\u00e9es dans la production de gingembre et de mangues s\u00e9ch\u00e9es, ses principales fournisseuses. Auparavant, dans la ville de Banfora, elle s\u2019entretient avec des clients pour identifier les probl\u00e8mes et les solutions qui lui permettront de r\u00e9orienter son entreprise. \u00ab J\u2019ai choisi la vente en ligne parce que de nos jours, les gens utilisent beaucoup la technologie pour gagner du temps \u00e0 la recherche des produits. Je propose les miens en ligne et je les livre jusqu\u2019au domicile des clients \u00bb, explique-t-elle. Gr\u00e2ce au camp de maturation, Mme Koama dit identifier le manque de temps exprim\u00e9 par les potentiels clients pour rechercher les produits, leur inaccessibilit\u00e9 et surtout le besoin des populations, par exemple de Ouagadougou, des produits de la r\u00e9gion des Cascades. \u00ab Comme solutions, je vais cr\u00e9dibiliser ma page en ligne pour rendre accessibles les mangues s\u00e9ch\u00e9es, les graines d\u2019anacardes, de souchets, les c\u00e9r\u00e9ales, etc. et les livrer aux clients \u00e0 temps \u00bb, assure Zeinab Kiswend-Sida Koama. Avec un portable, des m\u00e9gas et de l\u2019argent d\u2019essence, elle entend r\u00e9ussir son projet gr\u00e2ce au camp de maturation pour servir de mod\u00e8le pour les autres jeunes et femmes de la r\u00e9gion des Cascades en particulier et du Burkina Faso en g\u00e9n\u00e9ral.<\/p>\n<h2><strong>Une multitude d\u2019id\u00e9es de projets m\u00fbris<\/strong><\/h2>\n<p>Dans cette r\u00e9gion, plusieurs id\u00e9es de projets allant de la production et la transformation des produits locaux, de l\u2019artisanat, de la coiffure en passant par la coupe-couture jusqu\u2019\u00e0 la transformation de produits laitiers, ont \u00e9t\u00e9 m\u00fbries lors du camp d\u2019id\u00e9ation. Brahima Hi\u00e9, \u00e2g\u00e9 de 32 ans et r\u00e9sident \u00e0 Banfora veut faire de la transformation du lait local en yaourt, en lait frais et en cr\u00e8me, sa principale activit\u00e9 entrepreneuriale. Il suit les m\u00eames modules que ses camarades lors du camp de maturation. Il a identifi\u00e9 le manque criant du lait local transform\u00e9 dans la ville de Banfora, pourtant fortement demand\u00e9 par les populations. Sur le terrain, \u00e9voque Brahima Hi\u00e9, la collecte du lait local pose probl\u00e8me ainsi que l\u2019hygi\u00e8ne et la qualit\u00e9 des produits que sa mini-laiterie offre aux clients. \u00ab Je compte disposer d\u2019un lait local qui respecte les conditions d\u2019hygi\u00e8ne et de qualit\u00e9 et de moyens pour transformer ce lait en yaourt, en lait frais et en cr\u00e8me \u00bb, soutient-il. Le camp de maturation du programme CLE permettra aussi \u00e0 Noellie Gnoumou\/Dondass\u00e9, \u00e2g\u00e9e de 35 ans, mari\u00e9e et m\u00e8re de deux enfants d\u2019innover dans son projet de coiffure en cr\u00e9ant de nouveaux mod\u00e8les de coiffure et en confectionnant des tenues de travail pour ses apprenantes. Saada Ou\u00e9draogo, \u00e9tudiant de 23 ans, r\u00e9sident au secteur 15 de Banfora et c\u00e9libataire, profitera aussi de ce camp de maturation pour r\u00e9ussir la transformation de la pomme d\u2019acajou en jus contenus dans des sachets et bidons.<\/p>\n<p>\u00ab J\u2019ai appris le syst\u00e8me de marketing pour mieux approcher les clients. Gr\u00e2ce \u00e0 la formation, je tiendrai compte de la disponibilit\u00e9 de la mati\u00e8re premi\u00e8re et je vais aller vers les experts de laboratoires pour avoir des jus de qualit\u00e9 \u00bb, laisse entendre Saada Ou\u00e9draogo. Pour Lassina Daniel Kon\u00e9, \u00e9galement l\u2019un des b\u00e9n\u00e9ficiaires du camp de maturation, il compte transformer la paille et les r\u00e9sidus de canne \u00e0 sucre pour produire du compost en vue d\u2019am\u00e9liorer les rendements agricoles. Il se convainc que cette formation du programme CLE lui permet d\u2019identifier les besoins et de trouver des solutions comme collaborer avec ses fournisseurs de mati\u00e8re premi\u00e8re. Dans la r\u00e9gion de l\u2019Est \u00e0 Fada N\u2019Gourma, les domaines d\u2019entrepreneuriat concernent le secr\u00e9tariat, la coupe-coupure, l\u2019embouche bovine, la couture, la coiffure, la transformation des Produits forestiers non ligneux (PFNL), etc. Diakoaguili Tankoano, transformateur et commer\u00e7ant de s\u00e9same, 31 ans, mari\u00e9 et p\u00e8re de deux enfants ; Lamoudi Rose Tankoano, productrice de savon et de pommade, 32 ans, mari\u00e9e et m\u00e8re de deux enfants ; Dana Thiombiano, fermier avicole, 28 ans, mari\u00e9 et p\u00e8re d\u2019un enfant et Bibata Ouattara, 29 ans, mari\u00e9e et m\u00e8re d\u2019un enfant, prennent part \u00e9galement au camp de maturation. Selon la formatrice Florence Dahani\/Natama, lors de ce camp de maturation, des modules, \u00e0 savoir l\u2019identification des probl\u00e8mes et des solutions, le prototypage, les tests de solutions et le \u2018\u2019 pitch \u2018\u2019 sont d\u00e9velopp\u00e9s.<\/p>\n<h2><strong>Une participation satisfaisante<\/strong><\/h2>\n<figure id=\"attachment_44797\" aria-describedby=\"caption-attachment-44797\" style=\"width: 653px\" class=\"wp-caption alignnone\"><img decoding=\"async\" loading=\"lazy\" class=\"wp-image-44797\" src=\"https:\/\/linitiative.ca\/International\/wp-content\/uploads\/sites\/23\/2022\/01\/2-23-300x200-1.jpg\" alt=\"\" width=\"653\" height=\"435\" srcset=\"https:\/\/linitiative.ca\/International\/wp-content\/uploads\/sites\/23\/2022\/01\/2-23-300x200-1.jpg 300w, https:\/\/www.sidwaya.info\/wp-content\/uploads\/2022\/01\/2-23-150x100.jpg 150w, https:\/\/www.sidwaya.info\/wp-content\/uploads\/2022\/01\/2-23.jpg 595w\" sizes=\"auto, (max-width: 653px) 100vw, 653px\"><figcaption id=\"caption-attachment-44797\" class=\"wp-caption-text\">La coiffeuse et esth\u00e9ticienne, Bibata Ouattara, r\u00e9sidente \u00e0 Fada N\u2019Gourma, a identifi\u00e9 ses probl\u00e8mes sur le terrain en vue de mettre sur selle son projet d\u2019ouverture de salon.<\/figcaption><\/figure>\n<p>La participation des jeunes est satisfaisante. Au d\u00e9but, ils \u00e9taient r\u00e9ticents mais, de l\u2019id\u00e9ation \u00e0 la maturation, les participants ont compris que c\u2019est du s\u00e9rieux \u00bb, se r\u00e9jouit-elle. Diakoaguili Tankoano, tout en remerciant le programme CLE, se dit \u2018\u2019 m\u00fbr \u2018\u2019 pour conduire \u00e0 bon port son projet de transformation et de commercialisation du s\u00e9same par la confection d\u2019emballages biod\u00e9gradables en vue d\u2019assurer la qualit\u00e9 de ses produits et faciliter leur \u00e9coulement. \u00ab La sortie de terrain pour ce camp de maturation m\u2019a permis de savoir que pour avoir du savon ou de la pommade de bonne qualit\u00e9, il faut produire soit m\u00eame le beurre de Karit\u00e9 pour le transformer apr\u00e8s. D\u00e9sormais, je vais mettre aussi en pratique les \u00e9tiquettes pour faciliter la commercialisation de mes produits \u00bb, affirme Lamoudi Rose Tankoano. De l\u2019avis de Dana Thiombiano, le camp de maturation est une aubaine qui l\u2019am\u00e8ne \u00e0 comprendre qu\u2019il faut d\u00e9sinfecter le poulailler, laver les abreuvoirs et les mangeoires pour r\u00e9ussir son aviculture. Pour Bibata Ouattara, \u00e0 la faveur de cet apprentissage, les probl\u00e8mes d\u2019hygi\u00e8ne, d\u2019accueil des clients et d\u2019\u00e9tudes en cuir chevelu seront pris en compte lors de l\u2019ouverture de son salon de coiffure.<\/p>\n<p>Aux dires du responsable des parcours de formation en entrepreneuriat du programme CLE, Igor Yam\u00e9ogo, la formation entrepreneuriale comporte la formation de base pour b\u00e9n\u00e9ficier d\u2019outils, l\u2019id\u00e9ation pour faire \u00e9merger des id\u00e9es et la maturation pour rendre les id\u00e9es m\u00fbres et potentiellement commercialisables. \u00ab Tout ce que nous faisons comme travail individuel ou collectif avec les apprenants c\u2019est d\u2019aboutir \u00e0 un processus pour avoir des id\u00e9es suffisamment m\u00fbres \u00e0 d\u00e9velopper par les porteurs de projets \u00bb, d\u00e9clare-t-il. Le responsable du programme de formation \u00e0 Banfora et responsable de WAKATLAB-Bobo, B\u00eamal\u00e9ra Toussaint Koura, confie que les programmes de formation ont pour but d\u2019outiller les jeunes et de susciter en eux l\u2019esprit d\u2019entreprise. Le programme CLE cherche \u00e0 promouvoir les activit\u00e9s entrepreneuriales et am\u00e9liorer les conditions de vie des jeunes hommes et femmes au Burkina Faso dans l\u2019agro-industrie, le commerce de rue, les services et technologies, les \u00e9nergies renouvelables et l\u2019artisanat. Dans la logique d\u2019intervention du Programme, \u00e0 l\u2019issue des phases de formation, s\u2019ouvrira un programme d\u2019incubation qui permettra d\u2019apporter un appui technique et strat\u00e9gique \u00e0 25 porteurs de projets s\u00e9lectionn\u00e9s dans les quatre r\u00e9gions.<\/p>\n<p style=\"text-align: right\"><strong>Boukary BONKOUNGOU <\/strong><\/p>\n<p>L\u2019article <a rel=\"nofollow\" href=\"https:\/\/www.sidwaya.info\/blog\/2022\/01\/26\/programme-cultivons-lesprit-dentreprise-plus-de-800-jeunes-et-femmes-murissent-leurs-idees-de-projets\/\">Programme \u00ab CULTIVONS L\u2019ESPRIT D\u2019ENTREPRISE \u00bb : Plus de 800 jeunes et femmes m\u00fbrissent  leurs id\u00e9es de projets<\/a> est apparu en premier sur <a rel=\"nofollow\" href=\"https:\/\/www.sidwaya.info\/\">Quotidien Sidwaya<\/a>.<\/p>\n<\/div>\n<p>Auteur: JK. Sidwaya<br \/>\n<a href=\"https:\/\/www.sidwaya.info\/blog\/2022\/01\/26\/programme-cultivons-lesprit-dentreprise-plus-de-800-jeunes-et-femmes-murissent-leurs-idees-de-projets\/?utm_source=rss&#038;utm_medium=rss&#038;utm_campaign=programme-cultivons-lesprit-dentreprise-plus-de-800-jeunes-et-femmes-murissent-leurs-idees-de-projets\">Cliquez ici pour lire l&rsquo;article depuis sa source.<\/a><\/p>\n","protected":false},"excerpt":{"rendered":"<p>Dans le cadre du Programme \u00ab CULTIVONS L\u2019ESPRIT D\u2019ENTREPRISE (CLE) \u00bb, financ\u00e9 par l\u2019Ambassade des Pays-Bas au Burkina Faso et mis en \u0153uvre par le Consortium TANAGER, LA FABRIQUE, WAKATLAB et MEDIAPROD, des sessions de formation en entrepreneuriat se d\u00e9roulent depuis le mois d\u2019octobre 2021 dans les r\u00e9gions des Cascades, du Centre-Nord, de l\u2019Est et [&hellip;]<\/p>\n","protected":false},"author":1816,"featured_media":0,"comment_status":"closed","ping_status":"closed","sticky":false,"template":"","format":"standard","meta":{"fifu_image_url":"https:\/\/www.sidwaya.info\/wp-content\/uploads\/2022\/01\/3-8-300x200.jpg","fifu_image_alt":"Programme \u00ab CULTIVONS L\u2019ESPRIT D\u2019ENTREPRISE \u00bb : Plus de 800 jeunes et femmes m\u00fbrissent  leurs id\u00e9es de projets","footnotes":""},"categories":[73,81],"tags":[],"class_list":["post-139508","post","type-post","status-publish","format-standard","hentry","category-actualite","category-burkina-faso"],"_links":{"self":[{"href":"https:\/\/linitiative.ca\/International\/wp-json\/wp\/v2\/posts\/139508","targetHints":{"allow":["GET"]}}],"collection":[{"href":"https:\/\/linitiative.ca\/International\/wp-json\/wp\/v2\/posts"}],"about":[{"href":"https:\/\/linitiative.ca\/International\/wp-json\/wp\/v2\/types\/post"}],"author":[{"embeddable":true,"href":"https:\/\/linitiative.ca\/International\/wp-json\/wp\/v2\/users\/1816"}],"replies":[{"embeddable":true,"href":"https:\/\/linitiative.ca\/International\/wp-json\/wp\/v2\/comments?post=139508"}],"version-history":[{"count":0,"href":"https:\/\/linitiative.ca\/International\/wp-json\/wp\/v2\/posts\/139508\/revisions"}],"wp:attachment":[{"href":"https:\/\/linitiative.ca\/International\/wp-json\/wp\/v2\/media?parent=139508"}],"wp:term":[{"taxonomy":"category","embeddable":true,"href":"https:\/\/linitiative.ca\/International\/wp-json\/wp\/v2\/categories?post=139508"},{"taxonomy":"post_tag","embeddable":true,"href":"https:\/\/linitiative.ca\/International\/wp-json\/wp\/v2\/tags?post=139508"}],"curies":[{"name":"wp","href":"https:\/\/api.w.org\/{rel}","templated":true}]}}