{"id":13951,"date":"2019-02-13T17:41:07","date_gmt":"2019-02-13T22:41:07","guid":{"rendered":"https:\/\/linitiative.ca\/International\/ouverture-des-donnees-au-burkina-faso-des-acteurs-reflechissent-a-une-strategie\/"},"modified":"2019-02-13T17:41:07","modified_gmt":"2019-02-13T22:41:07","slug":"ouverture-des-donnees-au-burkina-faso-des-acteurs-reflechissent-a-une-strategie","status":"publish","type":"post","link":"https:\/\/linitiative.ca\/International\/ouverture-des-donnees-au-burkina-faso-des-acteurs-reflechissent-a-une-strategie\/","title":{"rendered":"Ouverture des donn\u00e9es au Burkina Faso : Des acteurs r\u00e9fl\u00e9chissent  \u00e0 une strat\u00e9gie"},"content":{"rendered":"<div class=\"td-post-featured-image\" readability=\"33\"><a href=\"https:\/\/i1.wp.com\/www.sidwaya.info\/wp-content\/uploads\/2019\/02\/eco.jpg?fit=787%2C525&#038;ssl=1\" data-caption=\"Les participants ont \u00e9t\u00e9 appel\u00e9s \u00e0 faire des propositions pertinentes pour \u00e9laborer une strat\u00e9gie d\u2019ouverture des donn\u00e9es au Burkina Faso.\"><img loading=\"lazy\" decoding=\"async\" width=\"696\" height=\"464\" class=\"entry-thumb td-modal-image\" src=\"https:\/\/i1.wp.com\/www.sidwaya.info\/wp-content\/uploads\/2019\/02\/eco.jpg?resize=696%2C464&#038;ssl=1\" srcset=\"https:\/\/i1.wp.com\/www.sidwaya.info\/wp-content\/uploads\/2019\/02\/eco.jpg?w=787&#038;ssl=1 787w, https:\/\/i1.wp.com\/www.sidwaya.info\/wp-content\/uploads\/2019\/02\/eco.jpg?resize=300%2C200&#038;ssl=1 300w, https:\/\/i1.wp.com\/www.sidwaya.info\/wp-content\/uploads\/2019\/02\/eco.jpg?resize=768%2C512&#038;ssl=1 768w, https:\/\/i1.wp.com\/www.sidwaya.info\/wp-content\/uploads\/2019\/02\/eco.jpg?resize=696%2C464&#038;ssl=1 696w, https:\/\/i1.wp.com\/www.sidwaya.info\/wp-content\/uploads\/2019\/02\/eco.jpg?resize=630%2C420&#038;ssl=1 630w\" sizes=\"auto, (max-width: 696px) 100vw, 696px\" alt=\"\" title=\"eco\"\/><\/a>Les participants ont \u00e9t\u00e9 appel\u00e9s \u00e0 faire des propositions pertinentes pour \u00e9laborer une strat\u00e9gie d\u2019ouverture des donn\u00e9es au Burkina Faso.<\/div>\n<p><strong>Le minist\u00e8re du D\u00e9veloppement de l\u2019Economie num\u00e9rique et des Postes organise du 13 au 15 f\u00e9vrier 2019, \u00e0 Ouagadougou, l\u2019atelier d\u2019\u00e9laboration d\u2019une strat\u00e9gie d\u2019ouverture des donn\u00e9es au Burkina Faso.<\/strong><\/p>\n<p>D\u2019importantes informations sont produites chaque ann\u00e9e par les collectivit\u00e9s territoriales et les institutions au Burkina Faso dont l\u2019accessibilit\u00e9 pose probl\u00e8me. C\u2019est pour ouvrir ces donn\u00e9es aux utilisateurs en se basant sur le num\u00e9rique que des acteurs r\u00e9fl\u00e9chissent du 13 au 15 f\u00e9vrier 2019, \u00e0 Ouagadougou, \u00e0 une strat\u00e9gie.<\/p>\n<p>Pendant trois jours, ils vont se servir d\u2019un premier guide de collectes de donn\u00e9es \u00e9labor\u00e9 en 2018 dans l\u2019optique de diagnostiquer des \u00e9l\u00e9ments de sensibilisation et de promotion, de collecte et de r\u00e9utilisation des donn\u00e9es ouvertes. Pour le directeur g\u00e9n\u00e9ral de l\u2019Agence nationale de promotion des TIC (ANPTIC), Di\u00e9 Sanou, cette rencontre s\u2019inscrit dans le cadre du projet Initiative de donn\u00e9es ouvertes du Burkina (En Anglais, BODI) dont il est le coordonnateur.<\/p>\n<p>Selon lui, les acteurs du num\u00e9rique r\u00e9unis vont \u0153uvrer \u00e0 la lib\u00e9ralisation des informations produites au plan national. C\u2019est pourquoi il a dit compter sur leur participation effective pour la r\u00e9ussite de la r\u00e9union. Par ailleurs, Di\u00e9 Sanou a indiqu\u00e9 que la d\u00e9marche d\u2019ouverture des donn\u00e9es n\u2019est pas nouvelle, mais d\u2019actualit\u00e9 au Burkina Faso eu \u00e9gard au dynamisme observ\u00e9 dans la production massive desdites donn\u00e9es.<\/p>\n<p>De l\u2019avis de la ministre du D\u00e9veloppement de l\u2019\u00e9conomie num\u00e9rique et des Postes, Hadja Fatimata Ouattara\/Sanon, \u00e0 travers cette initiative, se d\u00e9voile la volont\u00e9 du gouvernement \u00e0 s\u2019ouvrir aux citoyens. Et ce, a-t-elle justifi\u00e9, en rendant accessibles les informations pour ainsi impulser le d\u00e9veloppement \u00e9conomique et social \u00e0 travers le digital et justifier le devoir de redevabilit\u00e9 de l\u2019Etat vis-\u00e0-vis des citoyens.<\/p>\n<p>S\u2019agissant de rendre ouvertes les donn\u00e9es, la ministre en charge du d\u00e9veloppement de l\u2019\u00e9conomie num\u00e9rique a rench\u00e9ri que l\u2019id\u00e9e a d\u00e9j\u00e0 germ\u00e9 par exemple, par l\u2019entremise des sites web des institutions. Mais, a-t-elle expliqu\u00e9, ces donn\u00e9es ne peuvent pas \u00eatre qualifi\u00e9es comme telle car ne pouvant pas \u00eatre r\u00e9utilis\u00e9es et redistribu\u00e9es librement et gratuitement gr\u00e2ce \u00e0 un format ouvert comme les logiciels et applications.<\/p>\n<p>Elle a souhait\u00e9 que les \u00e9changes entre les participants puissent rationaliser les services publics, encourager l\u2019innovation et am\u00e9liorer la s\u00e9curit\u00e9 publique. \u00ab\u00a0Les donn\u00e9es produites par les minist\u00e8res et autres institutions sont des mati\u00e8res premi\u00e8res in\u00e9puisables qui expliquent l\u2019engagement du Burkina Faso depuis 2013 \u00e0 travers le projet BODI\u00a0\u00bb, a-t-elle soulign\u00e9. Les informations provenant de tous les secteurs de d\u00e9veloppement au pays des Hommes int\u00e8gres sont concern\u00e9es par l\u2019ouverture qui, aux dires de Mme Ouattara, s\u2019ins\u00e8rent dans un partenariat pour un gouvernement ouvert impliquant son d\u00e9partement et celui de la Fonction publique.<\/p>\n<p class=\"c1\"><strong>Boukary BONKOUNGOU<\/strong><\/p>\n<div class=\"td-a-rec td-a-rec-id-content_bottom td_uid_21_5c649df415157_rand td_block_template_1\"><img loading=\"lazy\" decoding=\"async\" class=\"alignright size-full wp-image-1724\" src=\"https:\/\/www.sidwaya.info\/wp-content\/uploads\/2018\/12\/sidwaya-pub.jpg\" alt=\"\" width=\"720\" height=\"90\"\/><\/div>\n<p>Auteur: JK. Sidwaya<br \/>\n<a href=\"https:\/\/www.sidwaya.info\/blog\/2019\/02\/13\/ouverture-des-donnees-au-burkina-faso-des-acteurs-reflechissent-a-une-strategie\/\">Cliquez ici pour lire l&rsquo;article depuis sa source.<\/a><\/p>\n","protected":false},"excerpt":{"rendered":"<p>Les participants ont \u00e9t\u00e9 appel\u00e9s \u00e0 faire des propositions pertinentes pour \u00e9laborer une strat\u00e9gie d\u2019ouverture des donn\u00e9es au Burkina Faso. Le minist\u00e8re du D\u00e9veloppement de l\u2019Economie num\u00e9rique et des Postes organise du 13 au 15 f\u00e9vrier 2019, \u00e0 Ouagadougou, l\u2019atelier d\u2019\u00e9laboration d\u2019une strat\u00e9gie d\u2019ouverture des donn\u00e9es au Burkina Faso. D\u2019importantes informations sont produites chaque ann\u00e9e [&hellip;]<\/p>\n","protected":false},"author":1816,"featured_media":0,"comment_status":"closed","ping_status":"closed","sticky":false,"template":"","format":"standard","meta":{"fifu_image_url":"","fifu_image_alt":"","footnotes":""},"categories":[73,81],"tags":[],"class_list":["post-13951","post","type-post","status-publish","format-standard","hentry","category-actualite","category-burkina-faso"],"_links":{"self":[{"href":"https:\/\/linitiative.ca\/International\/wp-json\/wp\/v2\/posts\/13951","targetHints":{"allow":["GET"]}}],"collection":[{"href":"https:\/\/linitiative.ca\/International\/wp-json\/wp\/v2\/posts"}],"about":[{"href":"https:\/\/linitiative.ca\/International\/wp-json\/wp\/v2\/types\/post"}],"author":[{"embeddable":true,"href":"https:\/\/linitiative.ca\/International\/wp-json\/wp\/v2\/users\/1816"}],"replies":[{"embeddable":true,"href":"https:\/\/linitiative.ca\/International\/wp-json\/wp\/v2\/comments?post=13951"}],"version-history":[{"count":0,"href":"https:\/\/linitiative.ca\/International\/wp-json\/wp\/v2\/posts\/13951\/revisions"}],"wp:attachment":[{"href":"https:\/\/linitiative.ca\/International\/wp-json\/wp\/v2\/media?parent=13951"}],"wp:term":[{"taxonomy":"category","embeddable":true,"href":"https:\/\/linitiative.ca\/International\/wp-json\/wp\/v2\/categories?post=13951"},{"taxonomy":"post_tag","embeddable":true,"href":"https:\/\/linitiative.ca\/International\/wp-json\/wp\/v2\/tags?post=13951"}],"curies":[{"name":"wp","href":"https:\/\/api.w.org\/{rel}","templated":true}]}}