{"id":139514,"date":"2022-01-26T13:18:04","date_gmt":"2022-01-26T18:18:04","guid":{"rendered":"https:\/\/linitiative.ca\/International\/cote-divoire-le-kg-de-la-noix-de-cajou-fixe-a-305-fcfa-pour-la-campagne-2022\/"},"modified":"2022-01-26T13:18:04","modified_gmt":"2022-01-26T18:18:04","slug":"cote-divoire-le-kg-de-la-noix-de-cajou-fixe-a-305-fcfa-pour-la-campagne-2022","status":"publish","type":"post","link":"https:\/\/linitiative.ca\/International\/cote-divoire-le-kg-de-la-noix-de-cajou-fixe-a-305-fcfa-pour-la-campagne-2022\/","title":{"rendered":"C\u00f4te d\u2019Ivoire: le Kg de la noix de cajou fix\u00e9 \u00e0 305 Fcfa pour la campagne 2022"},"content":{"rendered":"<div>\n<p><img decoding=\"async\" width=\"628\" height=\"336\" src=\"https:\/\/linitiative.ca\/International\/wp-content\/uploads\/sites\/23\/2022\/01\/16432210841070.jpg\" class=\"attachment-post-thumbnail size-post-thumbnail wp-post-image\" alt=\"\" loading=\"lazy\" srcset=\"https:\/\/linitiative.ca\/International\/wp-content\/uploads\/sites\/23\/2022\/01\/16432210841070.jpg 628w, https:\/\/www.journalducameroun.com\/wp-content\/uploads\/2022\/01\/16432210841070-300x161.jpg 300w, https:\/\/www.journalducameroun.com\/wp-content\/uploads\/2022\/01\/16432210841070-600x321.jpg 600w\" sizes=\"auto, (max-width: 628px) 100vw, 628px\"><\/p>\n<p>Le gouvernement ivoirien a fix\u00e9 mercredi \u00e0 305 Fcfa le prix du kilogramme de la noix de cajou, maintenant le m\u00eame co\u00fbt que la campagne pr\u00e9c\u00e9dente, a indiqu\u00e9 son porte-parole Amadou Coulibaly, \u00e0 l&rsquo;issue d&rsquo;un Conseil des ministres.<\/p>\n<p>Le Conseil a fix\u00e9 l&rsquo;ouverture de la campagne cajou pour l&rsquo;ann\u00e9e 2022 au 4 f\u00e9vrier prochain et a arr\u00eat\u00e9, sur proposition du Conseil coton-anacarde, le prix planch\u00e9 obligatoire bord champ \u00e0 305 Fcfa le Kg, a indiqu\u00e9 M. Amadou Coulibaly. \u00a0<\/p>\n<p>Les autres prix planch\u00e9s obligatoires sont respectivement 330 Fcfa le kilogramme au magasin int\u00e9rieur, 359 Fcfa le kilogramme au magasin usine et 389 Fcfa le kilogramme au magasin portuaire, a-t-il ajout\u00e9. \u00a0\u00a0<\/p>\n<p>Pour la campagne 2022, une production de 1,40 million de tonnes de noix de cajou est attendue, soit le quart de la production mondiale, a fait savoir le porte-parole du gouvernement ivoirien, Amadou Coulibaly.\u00a0<\/p>\n<p>Selon le bilan de la campagne 2021, il ressort que la production nationale de noix de cajou a atteint 968.676 tonnes, soit une hausse de 14% par rapport \u00e0 l&rsquo;ann\u00e9e 2020 qui avait enregistr\u00e9 une production de 848.700 tonnes.<\/p>\n<p>Le Conseil Coton-anacarde note que le respect du prix minimum bord champ, fix\u00e9 \u00e0 305 Fcfa, a permis une hausse de 14% des revenus des producteurs de l&rsquo;anacarde, passant de 297 milliards Fcfa distribu\u00e9s dans la fili\u00e8re en 2020 \u00e0 339 milliards Fcfa en 2021.<\/p>\n<p>La C\u00f4te d&rsquo;Ivoire, en d\u00e9pit de la pand\u00e9mie de Covid-19, est devenu le premier pays transformateur de noix de cajou en Afrique et le troisi\u00e8me dans le monde en 2021 avec 136.854 tonnes transform\u00e9es. \u00a0<\/p>\n<p>Le pays maintient toujours son rang de leader mondial au niveau de la production et de l&rsquo;exportation avec 805.748 tonnes export\u00e9es. Ce qui t\u00e9moigne du succ\u00e8s de sa politique de transformation de la noix de cajou.\u00a0<\/p>\n<p>Cet article <a rel=\"nofollow\" href=\"https:\/\/www.journalducameroun.com\/cote-divoire-le-kg-de-la-noix-de-cajou-fixe-a-305-fcfa-pour-la-campagne-2022\/\">C\u00f4te d\u2019Ivoire: le Kg de la noix de cajou fix\u00e9 \u00e0 305 Fcfa pour la campagne 2022<\/a> est apparu en premier sur <a rel=\"nofollow\" href=\"https:\/\/www.journalducameroun.com\/\">Journal du Cameroun<\/a>.<\/p>\n<\/div>\n<p>Auteur: APA News<br \/>\n<a href=\"https:\/\/www.journalducameroun.com\/cote-divoire-le-kg-de-la-noix-de-cajou-fixe-a-305-fcfa-pour-la-campagne-2022\/\">Cliquez ici pour lire l&rsquo;article depuis sa source.<\/a><\/p>\n","protected":false},"excerpt":{"rendered":"<p>Le gouvernement ivoirien a fix\u00e9 mercredi \u00e0 305 Fcfa le prix du kilogramme de la noix de cajou, maintenant le m\u00eame co\u00fbt que la campagne pr\u00e9c\u00e9dente, a indiqu\u00e9 son porte-parole Amadou Coulibaly, \u00e0 l&rsquo;issue d&rsquo;un Conseil des ministres. Le Conseil a fix\u00e9 l&rsquo;ouverture de la campagne cajou pour l&rsquo;ann\u00e9e 2022 au 4 f\u00e9vrier prochain et [&hellip;]<\/p>\n","protected":false},"author":1965,"featured_media":0,"comment_status":"closed","ping_status":"closed","sticky":false,"template":"","format":"standard","meta":{"fifu_image_url":"https:\/\/www.journalducameroun.com\/wp-content\/uploads\/2022\/01\/16432210841070.jpg","fifu_image_alt":"C\u00f4te d\u2019Ivoire: le Kg de la noix de cajou fix\u00e9 \u00e0 305 Fcfa pour la campagne 2022","footnotes":""},"categories":[73,82],"tags":[],"class_list":["post-139514","post","type-post","status-publish","format-standard","hentry","category-actualite","category-cameroun"],"_links":{"self":[{"href":"https:\/\/linitiative.ca\/International\/wp-json\/wp\/v2\/posts\/139514","targetHints":{"allow":["GET"]}}],"collection":[{"href":"https:\/\/linitiative.ca\/International\/wp-json\/wp\/v2\/posts"}],"about":[{"href":"https:\/\/linitiative.ca\/International\/wp-json\/wp\/v2\/types\/post"}],"author":[{"embeddable":true,"href":"https:\/\/linitiative.ca\/International\/wp-json\/wp\/v2\/users\/1965"}],"replies":[{"embeddable":true,"href":"https:\/\/linitiative.ca\/International\/wp-json\/wp\/v2\/comments?post=139514"}],"version-history":[{"count":0,"href":"https:\/\/linitiative.ca\/International\/wp-json\/wp\/v2\/posts\/139514\/revisions"}],"wp:attachment":[{"href":"https:\/\/linitiative.ca\/International\/wp-json\/wp\/v2\/media?parent=139514"}],"wp:term":[{"taxonomy":"category","embeddable":true,"href":"https:\/\/linitiative.ca\/International\/wp-json\/wp\/v2\/categories?post=139514"},{"taxonomy":"post_tag","embeddable":true,"href":"https:\/\/linitiative.ca\/International\/wp-json\/wp\/v2\/tags?post=139514"}],"curies":[{"name":"wp","href":"https:\/\/api.w.org\/{rel}","templated":true}]}}