{"id":139516,"date":"2022-01-26T13:18:05","date_gmt":"2022-01-26T18:18:05","guid":{"rendered":"https:\/\/linitiative.ca\/International\/cote-divoire-minaya-coulibaly-nomme-pca-du-conseil-cafe-cacao\/"},"modified":"2022-01-26T13:18:05","modified_gmt":"2022-01-26T18:18:05","slug":"cote-divoire-minaya-coulibaly-nomme-pca-du-conseil-cafe-cacao","status":"publish","type":"post","link":"https:\/\/linitiative.ca\/International\/cote-divoire-minaya-coulibaly-nomme-pca-du-conseil-cafe-cacao\/","title":{"rendered":"C\u00f4te d\u2019Ivoire: Minaya Coulibaly nomm\u00e9 PCA du Conseil caf\u00e9-cacao"},"content":{"rendered":"<div>\n<p><img decoding=\"async\" width=\"720\" height=\"478\" src=\"https:\/\/linitiative.ca\/International\/wp-content\/uploads\/sites\/23\/2022\/01\/16432210851608.jpg\" class=\"attachment-post-thumbnail size-post-thumbnail wp-post-image\" alt=\"\" loading=\"lazy\" srcset=\"https:\/\/linitiative.ca\/International\/wp-content\/uploads\/sites\/23\/2022\/01\/16432210851608.jpg 720w, https:\/\/www.journalducameroun.com\/wp-content\/uploads\/2022\/01\/16432210851608-300x199.jpg 300w, https:\/\/www.journalducameroun.com\/wp-content\/uploads\/2022\/01\/16432210851608-663x440.jpg 663w, https:\/\/www.journalducameroun.com\/wp-content\/uploads\/2022\/01\/16432210851608-600x398.jpg 600w\" sizes=\"auto, (max-width: 720px) 100vw, 720px\"><\/p>\n<p>Le porte-parole du gouvernement ivoirien, Amadou Coulibaly, a annonc\u00e9 mercredi la nomination de M. Minaya Siaka Coulibaly comme Pr\u00e9sident du Conseil d&rsquo;administration du Conseil caf\u00e9-cacao, en remplacement de Lambert Kouassi Konan.<\/p>\n<p>Propos\u00e9 \u00e0 ce poste, le Conseil a donn\u00e9 son accord en vue de sa nomination comme membre du Conseil d&rsquo;administration du Conseil caf\u00e9-cacao, le Conseil de r\u00e9gulation, de stabilisation et de d\u00e9veloppement de la fili\u00e8re caf\u00e9-cacao.\u00a0<\/p>\n<p>M. Coulibaly Siaka Minaya est nomm\u00e9 pr\u00e9sident du Conseil d&rsquo;administration de cet organe de r\u00e9gulation des fili\u00e8res caf\u00e9-cacao, \u00ab\u00a0au titre de la pr\u00e9sidence de la R\u00e9publique, en remplacement de Lambert Kouassi Konan\u00a0\u00bb.\u00a0 La C\u00f4te d&rsquo;Ivoire est le premier pays producteur mondial de cacao.\u00a0<\/p>\n<p>Cet article <a rel=\"nofollow\" href=\"https:\/\/www.journalducameroun.com\/cote-divoire-minaya-coulibaly-nomme-pca-du-conseil-cafe-cacao\/\">C\u00f4te d\u2019Ivoire: Minaya Coulibaly nomm\u00e9 PCA du Conseil caf\u00e9-cacao<\/a> est apparu en premier sur <a rel=\"nofollow\" href=\"https:\/\/www.journalducameroun.com\/\">Journal du Cameroun<\/a>.<\/p>\n<\/div>\n<p>Auteur: APA News<br \/>\n<a href=\"https:\/\/www.journalducameroun.com\/cote-divoire-minaya-coulibaly-nomme-pca-du-conseil-cafe-cacao\/\">Cliquez ici pour lire l&rsquo;article depuis sa source.<\/a><\/p>\n","protected":false},"excerpt":{"rendered":"<p>Le porte-parole du gouvernement ivoirien, Amadou Coulibaly, a annonc\u00e9 mercredi la nomination de M. Minaya Siaka Coulibaly comme Pr\u00e9sident du Conseil d&rsquo;administration du Conseil caf\u00e9-cacao, en remplacement de Lambert Kouassi Konan. Propos\u00e9 \u00e0 ce poste, le Conseil a donn\u00e9 son accord en vue de sa nomination comme membre du Conseil d&rsquo;administration du Conseil caf\u00e9-cacao, le [&hellip;]<\/p>\n","protected":false},"author":1965,"featured_media":0,"comment_status":"closed","ping_status":"closed","sticky":false,"template":"","format":"standard","meta":{"fifu_image_url":"https:\/\/www.journalducameroun.com\/wp-content\/uploads\/2022\/01\/16432210851608.jpg","fifu_image_alt":"C\u00f4te d\u2019Ivoire: Minaya Coulibaly nomm\u00e9 PCA du Conseil caf\u00e9-cacao","footnotes":""},"categories":[73,82],"tags":[],"class_list":["post-139516","post","type-post","status-publish","format-standard","hentry","category-actualite","category-cameroun"],"_links":{"self":[{"href":"https:\/\/linitiative.ca\/International\/wp-json\/wp\/v2\/posts\/139516","targetHints":{"allow":["GET"]}}],"collection":[{"href":"https:\/\/linitiative.ca\/International\/wp-json\/wp\/v2\/posts"}],"about":[{"href":"https:\/\/linitiative.ca\/International\/wp-json\/wp\/v2\/types\/post"}],"author":[{"embeddable":true,"href":"https:\/\/linitiative.ca\/International\/wp-json\/wp\/v2\/users\/1965"}],"replies":[{"embeddable":true,"href":"https:\/\/linitiative.ca\/International\/wp-json\/wp\/v2\/comments?post=139516"}],"version-history":[{"count":0,"href":"https:\/\/linitiative.ca\/International\/wp-json\/wp\/v2\/posts\/139516\/revisions"}],"wp:attachment":[{"href":"https:\/\/linitiative.ca\/International\/wp-json\/wp\/v2\/media?parent=139516"}],"wp:term":[{"taxonomy":"category","embeddable":true,"href":"https:\/\/linitiative.ca\/International\/wp-json\/wp\/v2\/categories?post=139516"},{"taxonomy":"post_tag","embeddable":true,"href":"https:\/\/linitiative.ca\/International\/wp-json\/wp\/v2\/tags?post=139516"}],"curies":[{"name":"wp","href":"https:\/\/api.w.org\/{rel}","templated":true}]}}