{"id":139518,"date":"2022-01-26T13:18:05","date_gmt":"2022-01-26T18:18:05","guid":{"rendered":"https:\/\/linitiative.ca\/International\/ouattara-denonce-la-gestion-de-certaines-entreprises-publiques\/"},"modified":"2022-01-26T13:18:05","modified_gmt":"2022-01-26T18:18:05","slug":"ouattara-denonce-la-gestion-de-certaines-entreprises-publiques","status":"publish","type":"post","link":"https:\/\/linitiative.ca\/International\/ouattara-denonce-la-gestion-de-certaines-entreprises-publiques\/","title":{"rendered":"Ouattara d\u00e9nonce la gestion de certaines entreprises publiques"},"content":{"rendered":"<div>\n<p><img decoding=\"async\" width=\"800\" height=\"533\" src=\"https:\/\/linitiative.ca\/International\/wp-content\/uploads\/sites\/23\/2022\/01\/16432210859861.jpg\" class=\"attachment-post-thumbnail size-post-thumbnail wp-post-image\" alt=\"\" loading=\"lazy\" srcset=\"https:\/\/linitiative.ca\/International\/wp-content\/uploads\/sites\/23\/2022\/01\/16432210859861.jpg 800w, https:\/\/www.journalducameroun.com\/wp-content\/uploads\/2022\/01\/16432210859861-300x200.jpg 300w, https:\/\/www.journalducameroun.com\/wp-content\/uploads\/2022\/01\/16432210859861-768x512.jpg 768w, https:\/\/www.journalducameroun.com\/wp-content\/uploads\/2022\/01\/16432210859861-660x440.jpg 660w, https:\/\/www.journalducameroun.com\/wp-content\/uploads\/2022\/01\/16432210859861-600x400.jpg 600w\" sizes=\"auto, (max-width: 800px) 100vw, 800px\"><\/p>\n<p>Le chef de l&rsquo;Etat ivoirien, Alassane Ouattara, qui fait de la lutte contre la corruption son cheval de bataille, en 2022, a d\u00e9nonc\u00e9 mercredi des manquements dans la gestion de certaines entreprises publiques, lors d&rsquo;un Conseil des ministres.<\/p>\n<p>\u00ab\u00a0On peut citer notamment les irr\u00e9gularit\u00e9s li\u00e9es aux passations de march\u00e9s, le co\u00fbt \u00e9lev\u00e9 et l&rsquo;inopportunit\u00e9 de certains emprunts, les comptes bancaires ne figurant pas dans la comptabilit\u00e9 des entreprises, les insuffisances au niveau du contr\u00f4le interne et les d\u00e9penses injustifi\u00e9es\u00a0\u00bb, a dit M. Ouattara \u00e0 l&rsquo;entame du Conseil. \u00a0<\/p>\n<p>Il a relev\u00e9 \u00e9galement \u00ab\u00a0le montant \u00e9lev\u00e9 de dons, commissions et honoraires et plus g\u00e9n\u00e9ralement la non ma\u00eetrise des charges dans un certain nombre d&rsquo;entreprises\u00a0\u00bb, signalant que \u00ab\u00a0le nombre d&rsquo;entreprises dans cette situation est minoritaire\u00a0\u00bb.<\/p>\n<p>Pour ces entreprises incrimin\u00e9es, le chef de l&rsquo;Etat ivoirien a fait observer qu&rsquo;il y a eu \u00ab\u00a0une gravit\u00e9 de dysfonctionnement\u00a0\u00bb qui exige au-del\u00e0 des mesures correctives d\u00e9j\u00e0 prises \u00e0 l&rsquo;encontre des premiers dirigeants sociaux concern\u00e9s, la mise en place d&rsquo;un cadre renforc\u00e9 de suivi.<\/p>\n<p>M. Ouattara a f\u00e9licit\u00e9 le Premier ministre pour les r\u00e9sultats d\u00e9j\u00e0 obtenus, faisant observer toutefois que les actions entam\u00e9es en 2021, notamment les derniers audits r\u00e9alis\u00e9s dans certaines entreprises publiques et du portefeuille de l&rsquo;Etat ont r\u00e9v\u00e9l\u00e9 des irr\u00e9gularit\u00e9s importantes auxquelles il convient de rem\u00e9dier.<\/p>\n<p>Selon M. Ouattara il devrait aussi \u00eatre mis en place un \u00ab\u00a0cadre de contr\u00f4le de la gestion des entreprises publiques\u00a0\u00bb. Dans ce contexte, un accent particulier devra \u00eatre accord\u00e9 d&rsquo;abord au respect du cadre l\u00e9gislatif r\u00e9glementaire, notamment les r\u00e8gles de passation des march\u00e9s publics et de recours \u00e0 l&#8217;emprunt. \u00a0<\/p>\n<p>Il a ordonn\u00e9 un meilleur suivi, un bilan de gouvernance des entreprises publiques et \u00e0 la fin de chaque exercice comptable, une communication en Conseil des ministres sur le bilan de gouvernance des entreprises publiques.\u00a0<\/p>\n<p>Cela requiert une grande responsabilit\u00e9 des ministres de tutelle qui doivent renforcer leur contr\u00f4le \u00e0 priori, a-t-il ajout\u00e9, appelant \u00e0 la veille des sanctions qui r\u00e9sulteront des irr\u00e9gularit\u00e9s dans la gestion des entreprises publiques. \u00a0<\/p>\n<p>Le pr\u00e9sident a tenu \u00e0 pr\u00e9ciser qu'\u00a0\u00bbil s&rsquo;agit de quelques entreprises publiques\u00a0\u00bb, se f\u00e9licitant du bilan obtenu dans l&rsquo;ensemble par les entreprises publiques. Il a soutenu son concept d&rsquo;Ivoirien nouveau, un Ivoirien honn\u00eate et travailleur.\u00a0<\/p>\n<p>La bonne gouvernance et la lutte contre la corruption constituent pour l&rsquo;Etat ivoirien l&rsquo;une des principales priorit\u00e9s pour l&rsquo;ann\u00e9e 2022. A cet \u00e9gard, le pays s&rsquo;est dot\u00e9 de dispositif r\u00e8glementaire l\u00e9gislatif afin d&rsquo;am\u00e9liorer la gestion des affaires publiques.\u00a0<\/p>\n<p>Cet article <a rel=\"nofollow\" href=\"https:\/\/www.journalducameroun.com\/ouattara-denonce-la-gestion-de-certaines-entreprises-publiques\/\">Ouattara d\u00e9nonce la gestion de certaines entreprises publiques<\/a> est apparu en premier sur <a rel=\"nofollow\" href=\"https:\/\/www.journalducameroun.com\/\">Journal du Cameroun<\/a>.<\/p>\n<\/div>\n<p>Auteur: APA News<br \/>\n<a href=\"https:\/\/www.journalducameroun.com\/ouattara-denonce-la-gestion-de-certaines-entreprises-publiques\/\">Cliquez ici pour lire l&rsquo;article depuis sa source.<\/a><\/p>\n","protected":false},"excerpt":{"rendered":"<p>Le chef de l&rsquo;Etat ivoirien, Alassane Ouattara, qui fait de la lutte contre la corruption son cheval de bataille, en 2022, a d\u00e9nonc\u00e9 mercredi des manquements dans la gestion de certaines entreprises publiques, lors d&rsquo;un Conseil des ministres. \u00ab\u00a0On peut citer notamment les irr\u00e9gularit\u00e9s li\u00e9es aux passations de march\u00e9s, le co\u00fbt \u00e9lev\u00e9 et l&rsquo;inopportunit\u00e9 de [&hellip;]<\/p>\n","protected":false},"author":1965,"featured_media":0,"comment_status":"closed","ping_status":"closed","sticky":false,"template":"","format":"standard","meta":{"fifu_image_url":"https:\/\/www.journalducameroun.com\/wp-content\/uploads\/2022\/01\/16432210859861.jpg","fifu_image_alt":"Ouattara d\u00e9nonce la gestion de certaines entreprises publiques","footnotes":""},"categories":[73,82],"tags":[],"class_list":["post-139518","post","type-post","status-publish","format-standard","hentry","category-actualite","category-cameroun"],"_links":{"self":[{"href":"https:\/\/linitiative.ca\/International\/wp-json\/wp\/v2\/posts\/139518","targetHints":{"allow":["GET"]}}],"collection":[{"href":"https:\/\/linitiative.ca\/International\/wp-json\/wp\/v2\/posts"}],"about":[{"href":"https:\/\/linitiative.ca\/International\/wp-json\/wp\/v2\/types\/post"}],"author":[{"embeddable":true,"href":"https:\/\/linitiative.ca\/International\/wp-json\/wp\/v2\/users\/1965"}],"replies":[{"embeddable":true,"href":"https:\/\/linitiative.ca\/International\/wp-json\/wp\/v2\/comments?post=139518"}],"version-history":[{"count":0,"href":"https:\/\/linitiative.ca\/International\/wp-json\/wp\/v2\/posts\/139518\/revisions"}],"wp:attachment":[{"href":"https:\/\/linitiative.ca\/International\/wp-json\/wp\/v2\/media?parent=139518"}],"wp:term":[{"taxonomy":"category","embeddable":true,"href":"https:\/\/linitiative.ca\/International\/wp-json\/wp\/v2\/categories?post=139518"},{"taxonomy":"post_tag","embeddable":true,"href":"https:\/\/linitiative.ca\/International\/wp-json\/wp\/v2\/tags?post=139518"}],"curies":[{"name":"wp","href":"https:\/\/api.w.org\/{rel}","templated":true}]}}