{"id":139522,"date":"2022-01-26T08:38:24","date_gmt":"2022-01-26T13:38:24","guid":{"rendered":"https:\/\/linitiative.ca\/International\/telecommunications-christel-heydemann-future-dg-dorange\/"},"modified":"2022-01-26T08:38:24","modified_gmt":"2022-01-26T13:38:24","slug":"telecommunications-christel-heydemann-future-dg-dorange","status":"publish","type":"post","link":"https:\/\/linitiative.ca\/International\/telecommunications-christel-heydemann-future-dg-dorange\/","title":{"rendered":"T\u00e9l\u00e9communications : Christel Heydemann, future Dg d\u2019Orange"},"content":{"rendered":"<div>\n<p>Deux candidats \u00e9taient en lice pour remplacer\u00a0<strong>St\u00e9phane Richard \u00e0 la t\u00eate d\u2019Orange, depuis l\u2019annonce de sa d\u00e9mission<\/strong><strong>\u00a0le 24 novembre 2021<\/strong><strong>\u00a0: Frank Boulben, Chief Revenue Officer de Verizon, et\u00a0<\/strong>Christel Heydemann,\u00a0<strong>actuelle directrice Europe de Schneider Electric.\u00a0<\/strong><strong>Mais la deuxi\u00e8me qui b\u00e9n\u00e9ficie du soutien du gouvernement fran\u00e7ais est en pole position. Elle sera officiellement d\u00e9sign\u00e9e le 28 janvier prochain au terme d\u2019une session du conseil d\u2019administration du g\u00e9ant fran\u00e7ais des t\u00e9l\u00e9communications. Selon Le Monde, l\u2019Etat fran\u00e7ais\u00a0\u00a0qui poss\u00e8de\u00a0<\/strong>23\u00a0% du capital d\u2019Orange, ce qui en fait le premier actionnaire du groupe devant les salari\u00e9s (7\u00a0%), a pes\u00e9 de tout son poids dans le choix du nouveau dirigeant. \u00ab\u00a0Charg\u00e9 de mener la s\u00e9lection, le comit\u00e9 de gouvernance du conseil d\u2019administration de l\u2019op\u00e9rateur, pr\u00e9sid\u00e9 par Anne-Gabrielle Heilbronner, administratrice ind\u00e9pendante et membre du directoire de Publicis, s\u2019est senti d\u00e9poss\u00e9d\u00e9 de sa mission. Apr\u00e8s avoir s\u00e9lectionn\u00e9 six candidats, dont Christel Heydemann, les trois administrateurs composant ce comit\u00e9 n\u2019avaient gard\u00e9 que deux noms\u00a0: Frank Boulben, actuel haut dirigeant de l\u2019op\u00e9rateur de t\u00e9l\u00e9coms am\u00e9ricain Verizon, et Ramon Fernandez, le directeur financier d\u2019Orange\u00a0\u00bb, \u00e9crit le journal.<\/p>\n<p>Qui poursuit en citant des sources proches du dossier. \u00ab\u00a0Le premier, polytechnicien lui aussi et ancien cadre d\u2019Orange puis de SFR,\u00a0avait clairement les faveurs du comit\u00e9 de gouvernance. Mais l\u2019Etat lui a demand\u00e9 d\u2019ajouter un troisi\u00e8me nom sur sa liste\u00a0: Christel Heydemann. Et pour bien faire passer le message, Bercy a fait savoir publiquement, mi-janvier, qu\u2019\u00ab\u00a0\u00e0 comp\u00e9tences \u00e9gales, le ministre\u00a0[souhaitait]\u00a0que ce soit une femme qui reprenne la direction d\u2019Orange\u00a0\u00bb. Le site internet l\u2019Iinformaticien.com indique pour sa part que \u00ab\u00a0si le choix d\u2019un directeur g\u00e9n\u00e9ral a \u00e9t\u00e9 a priori arr\u00eat\u00e9, il n\u2019en est rien du c\u00f4t\u00e9 du poste de pr\u00e9sident non-ex\u00e9cutif, bien que le nom de Pascal Cagni, pr\u00e9sident de Business France, soit \u00e9voqu\u00e9\u00a0\u00bb. Il n\u2019est pas impossible que St\u00e9phane Richard qui a \u00e9t\u00e9 pouss\u00e9 \u00e0 la d\u00e9mission \u00e0 la suite de sa condamnation en appel dans l\u2019affaire Tapie, reste \u00e0 la pr\u00e9sidence du groupe apr\u00e8s le 31 janvier, jusqu\u2019\u00e0 l\u2019assembl\u00e9e g\u00e9n\u00e9rale du 12 mai\u00a0\u00bb.<\/p>\n<p>L\u2019article <a rel=\"nofollow\" href=\"https:\/\/ecomatin.net\/telecommunications-christel-heydemann-future-dg-dorange\/\">T\u00e9l\u00e9communications : Christel Heydemann, future Dg d\u2019Orange<\/a> est apparu en premier sur <a rel=\"nofollow\" href=\"https:\/\/ecomatin.net\/\">EcoMatin<\/a>.<\/p>\n<\/div>\n<p>Auteur: EcoMatin<br \/>\n<a href=\"https:\/\/ecomatin.net\/telecommunications-christel-heydemann-future-dg-dorange\/\">Cliquez ici pour lire l&rsquo;article depuis sa source.<\/a><\/p>\n","protected":false},"excerpt":{"rendered":"<p>Deux candidats \u00e9taient en lice pour remplacer\u00a0St\u00e9phane Richard \u00e0 la t\u00eate d\u2019Orange, depuis l\u2019annonce de sa d\u00e9mission\u00a0le 24 novembre 2021\u00a0: Frank Boulben, Chief Revenue Officer de Verizon, et\u00a0Christel Heydemann,\u00a0actuelle directrice Europe de Schneider Electric.\u00a0Mais la deuxi\u00e8me qui b\u00e9n\u00e9ficie du soutien du gouvernement fran\u00e7ais est en pole position. Elle sera officiellement d\u00e9sign\u00e9e le 28 janvier prochain [&hellip;]<\/p>\n","protected":false},"author":1969,"featured_media":0,"comment_status":"closed","ping_status":"closed","sticky":false,"template":"","format":"standard","meta":{"fifu_image_url":"","fifu_image_alt":"","footnotes":""},"categories":[82,78],"tags":[],"class_list":["post-139522","post","type-post","status-publish","format-standard","hentry","category-cameroun","category-economie"],"_links":{"self":[{"href":"https:\/\/linitiative.ca\/International\/wp-json\/wp\/v2\/posts\/139522","targetHints":{"allow":["GET"]}}],"collection":[{"href":"https:\/\/linitiative.ca\/International\/wp-json\/wp\/v2\/posts"}],"about":[{"href":"https:\/\/linitiative.ca\/International\/wp-json\/wp\/v2\/types\/post"}],"author":[{"embeddable":true,"href":"https:\/\/linitiative.ca\/International\/wp-json\/wp\/v2\/users\/1969"}],"replies":[{"embeddable":true,"href":"https:\/\/linitiative.ca\/International\/wp-json\/wp\/v2\/comments?post=139522"}],"version-history":[{"count":0,"href":"https:\/\/linitiative.ca\/International\/wp-json\/wp\/v2\/posts\/139522\/revisions"}],"wp:attachment":[{"href":"https:\/\/linitiative.ca\/International\/wp-json\/wp\/v2\/media?parent=139522"}],"wp:term":[{"taxonomy":"category","embeddable":true,"href":"https:\/\/linitiative.ca\/International\/wp-json\/wp\/v2\/categories?post=139522"},{"taxonomy":"post_tag","embeddable":true,"href":"https:\/\/linitiative.ca\/International\/wp-json\/wp\/v2\/tags?post=139522"}],"curies":[{"name":"wp","href":"https:\/\/api.w.org\/{rel}","templated":true}]}}