{"id":139525,"date":"2022-01-26T14:03:44","date_gmt":"2022-01-26T19:03:44","guid":{"rendered":"https:\/\/linitiative.ca\/International\/en-2022-la-semry-veut-porter-sa-production-de-riz-paddy-a-100-000-tonnes20\/"},"modified":"2022-01-26T14:03:44","modified_gmt":"2022-01-26T19:03:44","slug":"en-2022-la-semry-veut-porter-sa-production-de-riz-paddy-a-100-000-tonnes20","status":"publish","type":"post","link":"https:\/\/linitiative.ca\/International\/en-2022-la-semry-veut-porter-sa-production-de-riz-paddy-a-100-000-tonnes20\/","title":{"rendered":"En 2022, La Semry veut porter sa production de riz paddy \u00e0 100 000 tonnes(+20%)"},"content":{"rendered":"<div>\n<p>Cette ann\u00e9e, il y aura beaucoup plus de riz Paddy (non d\u00e9cortiqu\u00e9) dans les diff\u00e9rents espaces marchands du pays.La Soci\u00e9t\u00e9 d\u2019expansion et de modernisation de la riziculture de Yagoua (Semry) qui produit localement cette denr\u00e9e de premi\u00e8re n\u00e9cessit\u00e9 compte mettre tout en \u0153uvre, pour booster la production nationale. D\u2019apr\u00e8s des chiffres qui ont \u00e9t\u00e9 \u00e9nonc\u00e9s le 30 d\u00e9cembre dernier, lors du conseil d\u2019administration de cette entreprise publique, consacr\u00e9 \u00e0 la cl\u00f4ture des comptes de 2021 et la validation du budget 2022, \u00a0la production nationale de Riz Paddy va passer de 80\u00a0000 tonnes en 2021, \u00e0 100\u00a0000 tonnes en 2022. Pour s\u2019assurer de l\u2019atteinte de cet objectif, le gouvernement a acquis dix tracteurs qu\u2019il a ensuite r\u00e9troc\u00e9d\u00e9s \u00e0 la Semry. Des achats qui ont \u00e9t\u00e9 r\u00e9alis\u00e9s gr\u00e2ce \u00e0 des financements pr\u00e9lev\u00e9s dans le budget du minist\u00e8re de l\u2019Agriculture et du D\u00e9veloppement rural, ainsi que dans le fonds de solidarit\u00e9 nationale institu\u00e9 par le Chef d\u2019\u00c9tat, Paul Biya.<\/p>\n<p><strong>Lire aussi : <a href=\"https:\/\/ecomatin.net\/la-semry-rehausse-de-20-ses-objectifs-de-production-n-en-2022\/\">La Semry rehausse de 20% ses objectifs de production en 20<\/a><\/strong><a href=\"https:\/\/ecomatin.net\/la-semry-rehausse-de-20-ses-objectifs-de-production-n-en-2022\/\"><strong>22<\/strong><\/a><\/p>\n<p>Toutefois, cette noble ambition intervient au moment o\u00f9 la Semry traverse des moments de turbulence. Selon des informations relay\u00e9es par votre Bihebdomadaire EcoMatin, 450 employ\u00e9s de cette structure n\u2019ont pas \u00e9t\u00e9 r\u00e9guli\u00e8rement pay\u00e9s depuis plusieurs mois. D\u2019ailleurs, vers la fin du mois de d\u00e9cembre 2021, \u00a0ils sont descendus dans la rue pour exiger le paiement de 6 mois d\u2019arri\u00e9r\u00e9s de salaire. Cette vive contestation a contraint le top management \u00e0 tenir une r\u00e9union avec les gr\u00e9vistes. Au sortir de cette derni\u00e8re, la Semry a annonc\u00e9 qu\u2019elle va payer 3 mois de salaire, sur les 6 escompt\u00e9s. Ladite annonce a \u00e9t\u00e9 faite apr\u00e8s la mi-janvier 2022. Mais pour l\u2019heure difficile de savoir si ces engagements ont \u00e9t\u00e9 respect\u00e9s.<\/p>\n<p><strong>Lire aussi : <a href=\"https:\/\/ecomatin.net\/la-banque-mondiale-octroie-un-n-financement-de-116-milliards-a-la-semry-pour-renforcer-sa-production\/\">La Banque mondiale octroie un financement de 116 milliard<\/a><\/strong><a href=\"https:\/\/ecomatin.net\/la-banque-mondiale-octroie-un-n-financement-de-116-milliards-a-la-semry-pour-renforcer-sa-production\/\"><strong>s \u00e0 la Semry pour renforcer sa production<\/strong><\/a><\/p>\n<p>En 2020, la demande annuelle de riz \u00e9tait \u00e9valu\u00e9e \u00e0 600\u00a0000 tonnes, d\u2019apr\u00e8s les chiffres du minist\u00e8re de l\u2019Agriculture. Compar\u00e9e \u00e0 la production nationale de riz pendant la m\u00eame p\u00e9riode (286\u00a0312 tonnes), cela repr\u00e9sente un gap de plus de 300\u00a0000 tonnes, qui a \u00e9t\u00e9 en totalit\u00e9 combl\u00e9 par les importations.<\/p>\n<p>L\u2019article <a rel=\"nofollow\" href=\"https:\/\/ecomatin.net\/en-2022-la-semry-veut-porter-sa-production-de-riz-paddy-a-100-000-tonnes20\/\">En 2022, La Semry veut porter sa production de riz paddy \u00e0 100 000 tonnes(+20%)<\/a> est apparu en premier sur <a rel=\"nofollow\" href=\"https:\/\/ecomatin.net\/\">EcoMatin<\/a>.<\/p>\n<\/div>\n<p>Auteur: Paul Tjeg<br \/>\n<a href=\"https:\/\/ecomatin.net\/en-2022-la-semry-veut-porter-sa-production-de-riz-paddy-a-100-000-tonnes20\/\">Cliquez ici pour lire l&rsquo;article depuis sa source.<\/a><\/p>\n","protected":false},"excerpt":{"rendered":"<p>Cette ann\u00e9e, il y aura beaucoup plus de riz Paddy (non d\u00e9cortiqu\u00e9) dans les diff\u00e9rents espaces marchands du pays.La Soci\u00e9t\u00e9 d\u2019expansion et de modernisation de la riziculture de Yagoua (Semry) qui produit localement cette denr\u00e9e de premi\u00e8re n\u00e9cessit\u00e9 compte mettre tout en \u0153uvre, pour booster la production nationale. D\u2019apr\u00e8s des chiffres qui ont \u00e9t\u00e9 \u00e9nonc\u00e9s [&hellip;]<\/p>\n","protected":false},"author":1969,"featured_media":0,"comment_status":"closed","ping_status":"closed","sticky":false,"template":"","format":"standard","meta":{"fifu_image_url":"","fifu_image_alt":"","footnotes":""},"categories":[82,78],"tags":[],"class_list":["post-139525","post","type-post","status-publish","format-standard","hentry","category-cameroun","category-economie"],"_links":{"self":[{"href":"https:\/\/linitiative.ca\/International\/wp-json\/wp\/v2\/posts\/139525","targetHints":{"allow":["GET"]}}],"collection":[{"href":"https:\/\/linitiative.ca\/International\/wp-json\/wp\/v2\/posts"}],"about":[{"href":"https:\/\/linitiative.ca\/International\/wp-json\/wp\/v2\/types\/post"}],"author":[{"embeddable":true,"href":"https:\/\/linitiative.ca\/International\/wp-json\/wp\/v2\/users\/1969"}],"replies":[{"embeddable":true,"href":"https:\/\/linitiative.ca\/International\/wp-json\/wp\/v2\/comments?post=139525"}],"version-history":[{"count":0,"href":"https:\/\/linitiative.ca\/International\/wp-json\/wp\/v2\/posts\/139525\/revisions"}],"wp:attachment":[{"href":"https:\/\/linitiative.ca\/International\/wp-json\/wp\/v2\/media?parent=139525"}],"wp:term":[{"taxonomy":"category","embeddable":true,"href":"https:\/\/linitiative.ca\/International\/wp-json\/wp\/v2\/categories?post=139525"},{"taxonomy":"post_tag","embeddable":true,"href":"https:\/\/linitiative.ca\/International\/wp-json\/wp\/v2\/tags?post=139525"}],"curies":[{"name":"wp","href":"https:\/\/api.w.org\/{rel}","templated":true}]}}