{"id":139526,"date":"2022-01-26T14:18:55","date_gmt":"2022-01-26T19:18:55","guid":{"rendered":"https:\/\/linitiative.ca\/International\/olembe-definitivement-suspendu-par-la-caf\/"},"modified":"2022-01-26T14:18:55","modified_gmt":"2022-01-26T19:18:55","slug":"olembe-definitivement-suspendu-par-la-caf","status":"publish","type":"post","link":"https:\/\/linitiative.ca\/International\/olembe-definitivement-suspendu-par-la-caf\/","title":{"rendered":"Olembe d\u00e9finitivement suspendu par la CAF ?"},"content":{"rendered":"<div>\n<p>Apr\u00e8s les incidents survenus lors du match Cameroun \u2013 Comores, incidents qui ont caus\u00e9 la mort de huit personnes, la caf via son pr\u00e9sident avait annonc\u00e9 la suspension temporaire du stade d\u2019olembe en attendant les r\u00e9sultats de l\u2019enqu\u00eate.<\/p>\n<p><strong>Lire aussi : <a href=\"https:\/\/ecomatin.net\/cameroun-comores-les-lions-en-quarts-de-finale-2-12\/\">Cameroun-Comores : les Lions en quarts de finale (2-1)<\/a><\/strong><\/p>\n<p>L\u2019instance fa\u00eeti\u00e8re du football africain vient de prolonger cette suspension qui avait d\u00e9j\u00e0 occasionn\u00e9 la d\u00e9localisation d\u2019un quart de finale d\u00e9sormais, m\u00eame la demi-finale pr\u00e9vue \u00e0 Olembe sera d\u00e9localis\u00e9e au stade Ahmadou Ahidjo. Il n\u2019est pas exclu que la finale tombe sous le coup de cette suspension \u00e0 en croire le communiqu\u00e9 sign\u00e9 par le Dr Patrice Motsepe. <\/p>\n<p><strong>Le communiqu\u00e9<\/strong> <\/p>\n<p>Le pr\u00e9sident de la CAF, le Dr Patrice Motsepe, a organis\u00e9 aujourd\u2019hui une r\u00e9union du comit\u00e9 d\u2019organisation de la Coupe d\u2019Afrique des Nations TotalEnergies (\u00ab Comit\u00e9 d\u2019organisation de la CAN CAF \u00bb) et il a \u00e9t\u00e9 convenu que : en raison de l\u2019incident au stade d\u2019Olemb\u00e9 qui a entra\u00een\u00e9 la mort de huit spectateurs et plusieurs autres spectateurs bless\u00e9s et, les d\u00e9cisions du Conseil de Discipline de la CAF Le prochain match qui \u00e9tait pr\u00e9vu au stade d\u2019Olemb\u00e9 n\u2019aura pas lieu tant que la CAF et le comit\u00e9 d\u2019organisation local n\u2019auront pas re\u00e7u le rapport complet de la commission d\u2019enqu\u00eate (sur l\u2019incident d\u2019Olemb\u00e9) indiquant les circonstances et les \u00e9v\u00e9nements ayant entra\u00een\u00e9 la blessure et la mort de spectateurs au stade d\u2019Olemb\u00e9. <\/p>\n<p><strong>Lire aussi : <a href=\"https:\/\/ecomatin.net\/can-2021-8-morts-et-34-blesses-dans-une-bousculade-au-stade-dolembe\/\">CAN 2021 : 8 morts et 34 bless\u00e9s dans une bousculade au Stade d\u2019Olemb\u00e9<\/a><\/strong><\/p>\n<p>Le Comit\u00e9 d\u2019Organisation de la CAN CAF exige \u00e9galement l\u2019assurance et la garantie que des interventions et des mesures appropri\u00e9es et ad\u00e9quates ont \u00e9t\u00e9 mises en \u0153uvre pour s\u2019assurer qu\u2019un incident similaire ne se produira pas au Stade d\u2019Olemb\u00e9 lors de la CAN TotalEnergies Cameroun 2021. <\/p>\n<p><strong>Lire aussi : <a href=\"https:\/\/ecomatin.net\/cameroun-comores-la-composition-de-conceicao\/\">Cameroun-Comores : La composition de Con<\/a><\/strong><a href=\"https:\/\/ecomatin.net\/cameroun-comores-la-composition-de-conceicao\/\"><strong>ceicao<\/strong><\/a><\/p>\n<p>Le comit\u00e9 d\u2019organisation de la CAN de la CAF a \u00e9galement d\u00e9cid\u00e9 que les matches suivants seront d\u00e9plac\u00e9s au stade Ahmadou Ahidjo : Le match de quart de finale n\u00b0 47 doit avoir lieu le 30 janvier 2022 entre le gagnant 43 et le gagnant 42 \u00e0 16h00 heure locale Le match de quart de finale n\u00b0 48 doit avoir lieu le 30 janvier 2022 entre le gagnant 41 et le gagnant 44 \u00e0 20h00 heure locale Le match de demi-finale n\u00b0 49 doit avoir lieu le 2 f\u00e9vrier 2022 entre le gagnant 45 et le gagnant 48 \u00e0 20h00 heure locale<\/p>\n<p>L\u2019article <a rel=\"nofollow\" href=\"https:\/\/ecomatin.net\/olembe-definitivement-suspendu-par-la-caf\/\">Olembe d\u00e9finitivement suspendu par la CAF ?<\/a> est apparu en premier sur <a rel=\"nofollow\" href=\"https:\/\/ecomatin.net\/\">EcoMatin<\/a>.<\/p>\n<\/div>\n<p>Auteur: EcoMatin<br \/>\n<a href=\"https:\/\/ecomatin.net\/olembe-definitivement-suspendu-par-la-caf\/\">Cliquez ici pour lire l&rsquo;article depuis sa source.<\/a><\/p>\n","protected":false},"excerpt":{"rendered":"<p>Apr\u00e8s les incidents survenus lors du match Cameroun \u2013 Comores, incidents qui ont caus\u00e9 la mort de huit personnes, la caf via son pr\u00e9sident avait annonc\u00e9 la suspension temporaire du stade d\u2019olembe en attendant les r\u00e9sultats de l\u2019enqu\u00eate. Lire aussi : Cameroun-Comores : les Lions en quarts de finale (2-1) L\u2019instance fa\u00eeti\u00e8re du football africain [&hellip;]<\/p>\n","protected":false},"author":1969,"featured_media":0,"comment_status":"closed","ping_status":"closed","sticky":false,"template":"","format":"standard","meta":{"fifu_image_url":"","fifu_image_alt":"","footnotes":""},"categories":[82,78],"tags":[],"class_list":["post-139526","post","type-post","status-publish","format-standard","hentry","category-cameroun","category-economie"],"_links":{"self":[{"href":"https:\/\/linitiative.ca\/International\/wp-json\/wp\/v2\/posts\/139526","targetHints":{"allow":["GET"]}}],"collection":[{"href":"https:\/\/linitiative.ca\/International\/wp-json\/wp\/v2\/posts"}],"about":[{"href":"https:\/\/linitiative.ca\/International\/wp-json\/wp\/v2\/types\/post"}],"author":[{"embeddable":true,"href":"https:\/\/linitiative.ca\/International\/wp-json\/wp\/v2\/users\/1969"}],"replies":[{"embeddable":true,"href":"https:\/\/linitiative.ca\/International\/wp-json\/wp\/v2\/comments?post=139526"}],"version-history":[{"count":0,"href":"https:\/\/linitiative.ca\/International\/wp-json\/wp\/v2\/posts\/139526\/revisions"}],"wp:attachment":[{"href":"https:\/\/linitiative.ca\/International\/wp-json\/wp\/v2\/media?parent=139526"}],"wp:term":[{"taxonomy":"category","embeddable":true,"href":"https:\/\/linitiative.ca\/International\/wp-json\/wp\/v2\/categories?post=139526"},{"taxonomy":"post_tag","embeddable":true,"href":"https:\/\/linitiative.ca\/International\/wp-json\/wp\/v2\/tags?post=139526"}],"curies":[{"name":"wp","href":"https:\/\/api.w.org\/{rel}","templated":true}]}}