{"id":139527,"date":"2022-01-27T07:55:33","date_gmt":"2022-01-27T12:55:33","guid":{"rendered":"https:\/\/linitiative.ca\/International\/intelligence-collective-oted-et-lum6p-partagent-leur-experience-dans-le-territoire-de-rhamna\/"},"modified":"2022-01-27T07:55:33","modified_gmt":"2022-01-27T12:55:33","slug":"intelligence-collective-oted-et-lum6p-partagent-leur-experience-dans-le-territoire-de-rhamna","status":"publish","type":"post","link":"https:\/\/linitiative.ca\/International\/intelligence-collective-oted-et-lum6p-partagent-leur-experience-dans-le-territoire-de-rhamna\/","title":{"rendered":"Intelligence collective : O\u2019TED et l\u2019UM6P partagent leur exp\u00e9rience dans le territoire de Rhamna"},"content":{"rendered":"<div>\n<p><img loading=\"lazy\" decoding=\"async\" width=\"300\" height=\"153\" src=\"https:\/\/linitiative.ca\/International\/wp-content\/uploads\/sites\/23\/2022\/01\/UM6P-Universite-Mohammed-VI-Polytechnique-300x153-1.jpg\" class=\"attachment-medium size-medium wp-post-image\" alt=\"\" srcset=\"https:\/\/linitiative.ca\/International\/wp-content\/uploads\/sites\/23\/2022\/01\/UM6P-Universite-Mohammed-VI-Polytechnique-300x153-1.jpg 300w, https:\/\/aujourdhui.ma\/wp-content\/uploads\/2022\/01\/UM6P-Universite-Mohammed-VI-Polytechnique-274x140.jpg 274w, https:\/\/aujourdhui.ma\/wp-content\/uploads\/2022\/01\/UM6P-Universite-Mohammed-VI-Polytechnique.jpg 746w, https:\/\/aujourdhui.ma\/wp-content\/uploads\/2022\/01\/UM6P-Universite-Mohammed-VI-Polytechnique-165x84.jpg 165w, https:\/\/aujourdhui.ma\/wp-content\/uploads\/2022\/01\/UM6P-Universite-Mohammed-VI-Polytechnique-702x358.jpg 702w\" sizes=\"auto, (max-width: 300px) 100vw, 300px\"><\/p>\n<p><span style=\"color: #800000;\"><span style=\"font-size: 20px;\"><strong>L\u2019exp\u00e9rience de O\u2019TED et de l\u2019Universit\u00e9 Mohammed VI Polytechnique (UM6P) en mati\u00e8re d\u2019intelligence collective a \u00e9t\u00e9 pr\u00e9sent\u00e9e au public le temps d\u2019un webinaire.<\/strong> <\/span><span id=\"more-398428\"><\/span><\/span><\/p>\n<p>Cette rencontre virtuelle qui s\u2019est d\u00e9roul\u00e9e, mardi 25 janvier, vise en effet \u00e0 mettre plus de lumi\u00e8re sur la dynamique de co-construction qui s\u2019op\u00e8re au niveau territorial \u00e0 l\u2019\u00e8re des grandes mutations sociales, \u00e9conomiques, et \u00e9cologiques. L\u2019id\u00e9e \u00e9tant d\u2019examiner les diff\u00e9rentes approches pour cr\u00e9er des alliances adapt\u00e9es aux territoires en mouvement. L\u2019innovation s\u2019av\u00e8re en effet la cl\u00e9 de vo\u00fbte de cette transition.<br \/>\nUne orientation qui est de nos jours tr\u00e8s fortement adopt\u00e9e par les pouvoirs publics et acteurs de la soci\u00e9t\u00e9 civile. Un jeu collectif qui tend en effet \u00e0 atteindre davantage de prosp\u00e9rit\u00e9 et cr\u00e9er de la valeur dans des p\u00e9rim\u00e8tres jusque-l\u00e0 inexploit\u00e9s. O\u2019TED qui est une initiative citoyenne \u0153uvre dans ce sens en favorisant un partenariat multi-acteurs dans les territoires. Un rapprochement ayant pour finalit\u00e9 de mettre en \u0153uvre des projets territoriaux inclusifs, \u00e9conomiquement viables, socialement \u00e9quitables et garants de la pr\u00e9servation de l\u2019environnement.<\/p>\n<p>L\u2019exp\u00e9rience de la master class \u00abSolving public problems\u00bb men\u00e9e \u00e0 Rhamna avec l\u2019Ecole d\u2019Intelligence Collective de l\u2019UM6P illustre pleinement cet engagement. L\u2019objectif de cette initiative est de mener un projet d\u2019innovation publique allant de la conception au pilotage. Le but \u00e9tant \u00e9galement de d\u00e9velopper le \u00abmindset\u00bb de l\u2019entrepreneur public. \u00abCette approche tend en effet \u00e0 d\u00e9finir les probl\u00e8mes, \u00e0 les d\u00e9construire, \u00e0 d\u00e9velopper les solutions et \u00e0 agir en coalition\u00bb, peut-on relever de Lex Paulson, directeur de l\u2019Ecole de l\u2019intelligence collective de l\u2019UM6P. Il est en effet question de s\u2019appuyer sur l\u2019intelligence collective pour apporter le changement.<br \/>\nNotons qu\u2019\u00e0 la fin de chaque formation, des cercles d\u2019innovation publique seront pilot\u00e9s par les \u00e9quipes d\u2019O\u2019TED et l\u2019Ecole de l\u2019intelligence collective de l\u2019UM6P en vue d\u2019incuber et d\u2019impl\u00e9menter des projets r\u00e9els autour de l\u2019employabilit\u00e9 des jeunes et d\u2019approfondir les connaissances et d\u00e9velopper des capacit\u00e9s de leadership en communaut\u00e9. L\u2019une des autres formes d\u2019intelligence collective cit\u00e9e en exemple lors de cette rencontre est celle du nouveau mod\u00e8le de d\u00e9veloppement. Le d\u00e9roulement des concertations incarne pleinement cette logique.<\/p>\n<p>En effet, l\u2019\u00e9laboration du NMD a n\u00e9cessit\u00e9 une approche inclusive et participative. Trois axes ont \u00e9t\u00e9 d\u00e9finis dans ce sens. Citons entre autres la d\u00e9marche multicanal pour la collecte des feedbacks des citoyens et la diversit\u00e9 des contributions. Rappelons que O\u2019TED a \u00e9t\u00e9 cr\u00e9\u00e9e dans l\u2019ambition de trouver un mod\u00e8le d\u2019accompagnement du d\u00e9veloppement durable des territoires bas\u00e9 sur la mont\u00e9e en capacit\u00e9 de l\u2019intelligence collective des acteurs locaux. L\u2019initiative est n\u00e9e \u00e9galement d\u2019une forte conviction que les dynamiques d\u2019alliance, de co-construction et de partenariats sont aujourd\u2019hui un imp\u00e9ratif pour un d\u00e9veloppement inclusif. Ainsi, O\u2019TED participe aux mutations des approches en mati\u00e8re de d\u00e9veloppement inclusif et durable, en privil\u00e9giant l\u2019intelligence collective, la co-construction et les strat\u00e9gies d\u2019alliances. Ces leviers permettent, en effet, aux acteurs territoriaux de concevoir et d\u2019impl\u00e9menter collectivement des r\u00e9ponses novatrices adapt\u00e9es aux d\u00e9fis des territoires. Cette participation se mat\u00e9rialise, par ailleurs, par la cr\u00e9ation de Laboratoires d\u2019Innovation Territoriale, des tiers-lieux d\u2019innovation pour la cr\u00e9ation d\u2019\u00e9cosyst\u00e8mes g\u00e9n\u00e9rateurs de valeur partag\u00e9e p\u00e9renne.<\/p>\n<\/div>\n<p>Auteur: Kawtar Tali<br \/>\n<a href=\"https:\/\/aujourdhui.ma\/economie\/intelligence-collective-oted-et-lum6p-partagent-leur-experience-dans-le-territoire-de-rhamna\">Cliquez ici pour lire l&rsquo;article depuis sa source.<\/a><\/p>\n","protected":false},"excerpt":{"rendered":"<p>L\u2019exp\u00e9rience de O\u2019TED et de l\u2019Universit\u00e9 Mohammed VI Polytechnique (UM6P) en mati\u00e8re d\u2019intelligence collective a \u00e9t\u00e9 pr\u00e9sent\u00e9e au public le temps d\u2019un webinaire. Cette rencontre virtuelle qui s\u2019est d\u00e9roul\u00e9e, mardi 25 janvier, vise en effet \u00e0 mettre plus de lumi\u00e8re sur la dynamique de co-construction qui s\u2019op\u00e8re au niveau territorial \u00e0 l\u2019\u00e8re des grandes mutations [&hellip;]<\/p>\n","protected":false},"author":1759,"featured_media":0,"comment_status":"closed","ping_status":"closed","sticky":false,"template":"","format":"standard","meta":{"fifu_image_url":"https:\/\/aujourdhui.ma\/wp-content\/uploads\/2022\/01\/UM6P-Universite-Mohammed-VI-Polytechnique-300x153.jpg","fifu_image_alt":"Intelligence collective : O\u2019TED et l\u2019UM6P partagent leur exp\u00e9rience dans le territoire de Rhamna","footnotes":""},"categories":[73,54],"tags":[],"class_list":["post-139527","post","type-post","status-publish","format-standard","hentry","category-actualite","category-maroc"],"_links":{"self":[{"href":"https:\/\/linitiative.ca\/International\/wp-json\/wp\/v2\/posts\/139527","targetHints":{"allow":["GET"]}}],"collection":[{"href":"https:\/\/linitiative.ca\/International\/wp-json\/wp\/v2\/posts"}],"about":[{"href":"https:\/\/linitiative.ca\/International\/wp-json\/wp\/v2\/types\/post"}],"author":[{"embeddable":true,"href":"https:\/\/linitiative.ca\/International\/wp-json\/wp\/v2\/users\/1759"}],"replies":[{"embeddable":true,"href":"https:\/\/linitiative.ca\/International\/wp-json\/wp\/v2\/comments?post=139527"}],"version-history":[{"count":0,"href":"https:\/\/linitiative.ca\/International\/wp-json\/wp\/v2\/posts\/139527\/revisions"}],"wp:attachment":[{"href":"https:\/\/linitiative.ca\/International\/wp-json\/wp\/v2\/media?parent=139527"}],"wp:term":[{"taxonomy":"category","embeddable":true,"href":"https:\/\/linitiative.ca\/International\/wp-json\/wp\/v2\/categories?post=139527"},{"taxonomy":"post_tag","embeddable":true,"href":"https:\/\/linitiative.ca\/International\/wp-json\/wp\/v2\/tags?post=139527"}],"curies":[{"name":"wp","href":"https:\/\/api.w.org\/{rel}","templated":true}]}}