{"id":139529,"date":"2022-01-27T08:25:12","date_gmt":"2022-01-27T13:25:12","guid":{"rendered":"https:\/\/linitiative.ca\/International\/covid-19-prolongation-de-letat-durgence-sanitaire-jusquau-28-fevrier-2022\/"},"modified":"2022-01-27T08:25:12","modified_gmt":"2022-01-27T13:25:12","slug":"covid-19-prolongation-de-letat-durgence-sanitaire-jusquau-28-fevrier-2022","status":"publish","type":"post","link":"https:\/\/linitiative.ca\/International\/covid-19-prolongation-de-letat-durgence-sanitaire-jusquau-28-fevrier-2022\/","title":{"rendered":"Covid-19: Prolongation de l\u2019\u00e9tat d\u2019urgence sanitaire jusqu\u2019au 28 f\u00e9vrier 2022"},"content":{"rendered":"<div>\n<p><img loading=\"lazy\" decoding=\"async\" width=\"300\" height=\"153\" src=\"https:\/\/linitiative.ca\/International\/wp-content\/uploads\/sites\/23\/2022\/01\/Urgence-sanitaire-police-300x153-1.jpg\" class=\"attachment-medium size-medium wp-post-image\" alt=\"\" srcset=\"https:\/\/linitiative.ca\/International\/wp-content\/uploads\/sites\/23\/2022\/01\/Urgence-sanitaire-police-300x153-1.jpg 300w, https:\/\/aujourdhui.ma\/wp-content\/uploads\/2020\/11\/Urgence-sanitaire-police-274x140.jpg 274w, https:\/\/aujourdhui.ma\/wp-content\/uploads\/2020\/11\/Urgence-sanitaire-police.jpg 746w, https:\/\/aujourdhui.ma\/wp-content\/uploads\/2020\/11\/Urgence-sanitaire-police-165x84.jpg 165w, https:\/\/aujourdhui.ma\/wp-content\/uploads\/2020\/11\/Urgence-sanitaire-police-702x358.jpg 702w\" sizes=\"auto, (max-width: 300px) 100vw, 300px\"><\/p>\n<p><strong><span style=\"font-size: 20px; color: #800000;\">Le Conseil de gouvernement, r\u00e9uni jeudi, a d\u00e9cid\u00e9 de prolonger la dur\u00e9e de validit\u00e9 de l\u2019\u00e9tat d\u2019urgence sanitaire sur l\u2019ensemble du territoire national jusqu\u2019au 28 f\u00e9vrier 2022, dans le cadre des efforts d\u00e9ploy\u00e9s pour lutter contre la propagation de la pand\u00e9mie du Covid-19.<\/span><span id=\"more-398472\"><\/span><\/strong><\/p>\n<p>Lors d\u2019un point de presse tenu \u00e0 l\u2019issue des travaux du Conseil, le ministre d\u00e9l\u00e9gu\u00e9 charg\u00e9 des Relations avec le parlement, porte-parole du gouvernement, Mustapha Baitas, a indiqu\u00e9 que le conseil a adopt\u00e9 le projet de d\u00e9cret N\u00b02.22.45, pr\u00e9sent\u00e9 par le ministre de l\u2019int\u00e9rieur, Abdelouafi Laftit, portant prolongation de la p\u00e9riode de validit\u00e9 de l\u2019\u00e9tat d\u2019urgence sanitaire sur l\u2019ensemble du territoire national pour faire face \u00e0 la propagation du Covid-19.<\/p>\n<p>Ce projet de d\u00e9cret vise \u00e0 prolonger la p\u00e9riode de validit\u00e9 de l\u2019\u00e9tat d\u2019urgence sanitaire sur l\u2019ensemble du territoire national du lundi 31 janvier 2022 \u00e0 18H00 au lundi 28 f\u00e9vrier 2022 \u00e0 18H00, en vue de garantir l\u2019efficacit\u00e9 et l\u2019efficience des mesures prises par les autorit\u00e9s publiques dans le cadre de la lutte contre la propagation de la pand\u00e9mie li\u00e9e au Covid-19, pr\u00e9cise le ministre.<\/p>\n<p>Le texte se base sur les dispositions de l\u2019article 2 du d\u00e9cret loi 2.20.292 du 23 mars 2020 relatif \u00e0 l\u2019application des dispositions ayant trait \u00e0 l\u2019\u00e9tat d\u2019urgence sanitaire et les mesures de sa d\u00e9claration<\/p>\n<\/div>\n<p>Auteur: ALM<br \/>\n<a href=\"https:\/\/aujourdhui.ma\/societe\/covid-19-prolongation-de-letat-durgence-sanitaire-jusquau-28-fevrier-2022\">Cliquez ici pour lire l&rsquo;article depuis sa source.<\/a><\/p>\n","protected":false},"excerpt":{"rendered":"<p>Le Conseil de gouvernement, r\u00e9uni jeudi, a d\u00e9cid\u00e9 de prolonger la dur\u00e9e de validit\u00e9 de l\u2019\u00e9tat d\u2019urgence sanitaire sur l\u2019ensemble du territoire national jusqu\u2019au 28 f\u00e9vrier 2022, dans le cadre des efforts d\u00e9ploy\u00e9s pour lutter contre la propagation de la pand\u00e9mie du Covid-19. Lors d\u2019un point de presse tenu \u00e0 l\u2019issue des travaux du Conseil, [&hellip;]<\/p>\n","protected":false},"author":1759,"featured_media":0,"comment_status":"closed","ping_status":"closed","sticky":false,"template":"","format":"standard","meta":{"fifu_image_url":"https:\/\/aujourdhui.ma\/wp-content\/uploads\/2020\/11\/Urgence-sanitaire-police-300x153.jpg","fifu_image_alt":"Covid-19: Prolongation de l\u2019\u00e9tat d\u2019urgence sanitaire jusqu\u2019au 28 f\u00e9vrier 2022","footnotes":""},"categories":[73,54],"tags":[],"class_list":["post-139529","post","type-post","status-publish","format-standard","hentry","category-actualite","category-maroc"],"_links":{"self":[{"href":"https:\/\/linitiative.ca\/International\/wp-json\/wp\/v2\/posts\/139529","targetHints":{"allow":["GET"]}}],"collection":[{"href":"https:\/\/linitiative.ca\/International\/wp-json\/wp\/v2\/posts"}],"about":[{"href":"https:\/\/linitiative.ca\/International\/wp-json\/wp\/v2\/types\/post"}],"author":[{"embeddable":true,"href":"https:\/\/linitiative.ca\/International\/wp-json\/wp\/v2\/users\/1759"}],"replies":[{"embeddable":true,"href":"https:\/\/linitiative.ca\/International\/wp-json\/wp\/v2\/comments?post=139529"}],"version-history":[{"count":0,"href":"https:\/\/linitiative.ca\/International\/wp-json\/wp\/v2\/posts\/139529\/revisions"}],"wp:attachment":[{"href":"https:\/\/linitiative.ca\/International\/wp-json\/wp\/v2\/media?parent=139529"}],"wp:term":[{"taxonomy":"category","embeddable":true,"href":"https:\/\/linitiative.ca\/International\/wp-json\/wp\/v2\/categories?post=139529"},{"taxonomy":"post_tag","embeddable":true,"href":"https:\/\/linitiative.ca\/International\/wp-json\/wp\/v2\/tags?post=139529"}],"curies":[{"name":"wp","href":"https:\/\/api.w.org\/{rel}","templated":true}]}}