{"id":139538,"date":"2022-01-27T10:42:00","date_gmt":"2022-01-27T15:42:00","guid":{"rendered":"https:\/\/linitiative.ca\/International\/abdelatif-hilal-un-acteur-elegant-sen-va\/"},"modified":"2022-01-27T10:42:00","modified_gmt":"2022-01-27T15:42:00","slug":"abdelatif-hilal-un-acteur-elegant-sen-va","status":"publish","type":"post","link":"https:\/\/linitiative.ca\/International\/abdelatif-hilal-un-acteur-elegant-sen-va\/","title":{"rendered":"Abdelatif Hilal, un acteur \u00e9l\u00e9gant s\u2019en va"},"content":{"rendered":"<div>\n<p><img loading=\"lazy\" decoding=\"async\" width=\"300\" height=\"153\" src=\"https:\/\/linitiative.ca\/International\/wp-content\/uploads\/sites\/23\/2022\/01\/Abdellatif-Hilal-300x153-1.jpg\" class=\"attachment-medium size-medium wp-post-image\" alt=\"\" srcset=\"https:\/\/linitiative.ca\/International\/wp-content\/uploads\/sites\/23\/2022\/01\/Abdellatif-Hilal-300x153-1.jpg 300w, https:\/\/aujourdhui.ma\/wp-content\/uploads\/2022\/01\/Abdellatif-Hilal-274x140.jpg 274w, https:\/\/aujourdhui.ma\/wp-content\/uploads\/2022\/01\/Abdellatif-Hilal.jpg 746w, https:\/\/aujourdhui.ma\/wp-content\/uploads\/2022\/01\/Abdellatif-Hilal-165x84.jpg 165w, https:\/\/aujourdhui.ma\/wp-content\/uploads\/2022\/01\/Abdellatif-Hilal-702x358.jpg 702w\" sizes=\"auto, (max-width: 300px) 100vw, 300px\"><\/p>\n<p><span style=\"font-size: 20px; color: #800000;\"><strong>D\u00e8s qu\u2019il s\u2019affichait sur les \u00e9crans, le t\u00e9l\u00e9spectateur ne pouvait rester impassible \u00e0 son \u00e9l\u00e9gance.<\/strong> <\/span><span id=\"more-398484\"><\/span><\/p>\n<p>Non seulement son apparence \u00e9tait bien soign\u00e9e mais aussi ses performances. Abdelatif Hilal, d\u00e9c\u00e9d\u00e9 jeudi \u00e0 Casablanca des suites d\u2019une longue maladie, \u00e9tait un acteur de cette fibre. L\u2019annonce de sa disparition s\u2019est encha\u00een\u00e9e en fin de matin\u00e9e sur les murs de sources s\u00fbres comme le Syndicat marocain des professionnels des arts dramatiques et d\u2019autres artistes qui ont exprim\u00e9 leur \u00e9motion suite \u00e0 sa disparition.<\/p>\n<p>Entre autres, l\u2019actrice Fatima Boujou indique : \u00abHeureusement que nous regardons, pour l\u2019heure, sa participation \u00e0 sa derni\u00e8re \u0153uvre t\u00e9l\u00e9vis\u00e9e \u00abSouk Eddlala\u00bb (Le march\u00e9 aux ench\u00e8res) de la r\u00e9alisatrice Jamila Bourji Benaissa, sinon il serait d\u00e9c\u00e9d\u00e9 en gardant l\u2019amertume de son \u00e9clipse pour de longues ann\u00e9es du petit \u00e9cran\u00bb. \u00abNous esp\u00e9rons voir plus de v\u00e9t\u00e9rans de notre pays parce qu\u2019ils sont toujours aptes \u00e0 donner encore\u00bb, ajoute l\u2019actrice. Pour rappel, le d\u00e9funt compte \u00e0 son actif une carri\u00e8re d\u2019une quarantaine d\u2019ann\u00e9es. Adieu l\u2019artiste !<\/p>\n<\/div>\n<p>Auteur: ALM<br \/>\n<a href=\"https:\/\/aujourdhui.ma\/culture\/abdelatif-hilal-un-acteur-elegant-sen-va\">Cliquez ici pour lire l&rsquo;article depuis sa source.<\/a><\/p>\n","protected":false},"excerpt":{"rendered":"<p>D\u00e8s qu\u2019il s\u2019affichait sur les \u00e9crans, le t\u00e9l\u00e9spectateur ne pouvait rester impassible \u00e0 son \u00e9l\u00e9gance. Non seulement son apparence \u00e9tait bien soign\u00e9e mais aussi ses performances. Abdelatif Hilal, d\u00e9c\u00e9d\u00e9 jeudi \u00e0 Casablanca des suites d\u2019une longue maladie, \u00e9tait un acteur de cette fibre. L\u2019annonce de sa disparition s\u2019est encha\u00een\u00e9e en fin de matin\u00e9e sur les [&hellip;]<\/p>\n","protected":false},"author":1759,"featured_media":0,"comment_status":"closed","ping_status":"closed","sticky":false,"template":"","format":"standard","meta":{"fifu_image_url":"https:\/\/aujourdhui.ma\/wp-content\/uploads\/2022\/01\/Abdellatif-Hilal-300x153.jpg","fifu_image_alt":"Abdelatif Hilal, un acteur \u00e9l\u00e9gant s\u2019en va","footnotes":""},"categories":[73,54],"tags":[],"class_list":["post-139538","post","type-post","status-publish","format-standard","hentry","category-actualite","category-maroc"],"_links":{"self":[{"href":"https:\/\/linitiative.ca\/International\/wp-json\/wp\/v2\/posts\/139538","targetHints":{"allow":["GET"]}}],"collection":[{"href":"https:\/\/linitiative.ca\/International\/wp-json\/wp\/v2\/posts"}],"about":[{"href":"https:\/\/linitiative.ca\/International\/wp-json\/wp\/v2\/types\/post"}],"author":[{"embeddable":true,"href":"https:\/\/linitiative.ca\/International\/wp-json\/wp\/v2\/users\/1759"}],"replies":[{"embeddable":true,"href":"https:\/\/linitiative.ca\/International\/wp-json\/wp\/v2\/comments?post=139538"}],"version-history":[{"count":0,"href":"https:\/\/linitiative.ca\/International\/wp-json\/wp\/v2\/posts\/139538\/revisions"}],"wp:attachment":[{"href":"https:\/\/linitiative.ca\/International\/wp-json\/wp\/v2\/media?parent=139538"}],"wp:term":[{"taxonomy":"category","embeddable":true,"href":"https:\/\/linitiative.ca\/International\/wp-json\/wp\/v2\/categories?post=139538"},{"taxonomy":"post_tag","embeddable":true,"href":"https:\/\/linitiative.ca\/International\/wp-json\/wp\/v2\/tags?post=139538"}],"curies":[{"name":"wp","href":"https:\/\/api.w.org\/{rel}","templated":true}]}}