{"id":139542,"date":"2022-01-27T08:56:28","date_gmt":"2022-01-27T13:56:28","guid":{"rendered":"https:\/\/linitiative.ca\/International\/la-bonne-parole-litteraire\/"},"modified":"2022-01-27T08:56:28","modified_gmt":"2022-01-27T13:56:28","slug":"la-bonne-parole-litteraire","status":"publish","type":"post","link":"https:\/\/linitiative.ca\/International\/la-bonne-parole-litteraire\/","title":{"rendered":"La bonne parole litt\u00e9raire"},"content":{"rendered":"<div>\n<p class=\"has-text-align-center has-vivid-red-color has-text-color\"><strong>Rencontre au Lyc\u00e9e El Borouj<\/strong><\/p>\n<p class=\"has-text-align-right\"><strong>Par\u00a0M\u2019barek Housni<\/strong><\/p>\n<p class=\"has-vivid-cyan-blue-color has-text-color\"><strong>Elbrouj, une ville \u00e0 quelques 150 km de Casablanca. La capitale des B\u00e9ni Meskine. On \u00e9tait quatre hommes \u00e0 y faire le d\u00e9placement, un apr\u00e8s-midi, en deux voitures. L\u2019une jusqu\u2019\u00e0 Berrchid, l\u2019autre jusqu\u2019\u00e0 Elborouj, en passant par Settat, la capitale de la Chaouia.<\/strong><\/p>\n<p>Conduites par deux de ses messieurs. Investir l\u2019int\u00e9rieur du pays, en pleine compagne qui souffre de s\u00e9cheresse de ces jours d\u2019hiver qui ne se ressemble pas. Mais il fait dire que l\u2019\u00e9tat de l\u2019autoroute et de la voie facilite la circulation.<\/p>\n<p>On raconte cela, car il n\u2019est pas donn\u00e9 de fournir un tel effort, au milieu d\u2019une semaine de travail pour aller parler de litt\u00e9rature, de cr\u00e9er un \u00e9v\u00e9nement culturel ax\u00e9 sur les mots. Mais lorsqu\u2019on est vers\u00e9 dans l\u2019\u00e9criture,\u00a0 mordu par le tout livresque, les distances se r\u00e9tr\u00e9cissent largement.<\/p>\n<p>Ce fut sur invitation du directeur, du proviseur et du pr\u00e9sident de l\u2019association des parents d\u2019\u00e9l\u00e8ves. Venir et intervenir autour du th\u00e8me \u00ab\u00a0la nouvelle litt\u00e9raire et l\u2019expression\u00a0\u00bb. Donner \u00e0 voir et \u00e0 \u00e9couter aux \u00e9l\u00e8ves une autre fa\u00e7on d\u2019approcher le texte litt\u00e9raire comme \u00e9gal \u00e0 la vie, source d\u2019\u00e9motion, moyen d\u2019expression sur l\u2019homme et le monde.<\/p>\n<p>Leur parler de l\u2019\u00e9criture comme passion et non pas un simple apprentissage sanctionn\u00e9 par un examen et des notes. Et c\u2019est un r\u00e9el bonheur de les voir attentifs, int\u00e9ress\u00e9s, \u00e9tonn\u00e9s. Leurs questions d\u2019une juv\u00e9nilit\u00e9 s\u00e9duisante fait plaisir \u00e0 voir. Morale\u00a0: ne laissons pas nos \u00e9l\u00e8ves et nos \u00e9tudiants (es) en dehors de la participation culturelle multiple, que nos \u00e9crivains et cr\u00e9ateurs en tous domaines aillent \u00e0 leur rencontre. C\u2019est un besoin d\u2019un c\u00f4t\u00e9, et un devoir de l\u2019autre.<\/p>\n<p>L\u2019article <a rel=\"nofollow\" href=\"http:\/\/albayane.press.ma\/la-bonne-parole-litteraire.html\">La bonne parole litt\u00e9raire<\/a> est apparu en premier sur <a rel=\"nofollow\" href=\"http:\/\/albayane.press.ma\/\">ALBAYANE<\/a>.<\/p>\n<\/div>\n<p>Auteur: M&rsquo;hammed rahal<br \/>\n<a href=\"http:\/\/albayane.press.ma\/la-bonne-parole-litteraire.html\">Cliquez ici pour lire l&rsquo;article depuis sa source.<\/a><\/p>\n","protected":false},"excerpt":{"rendered":"<p>Rencontre au Lyc\u00e9e El Borouj Par\u00a0M\u2019barek Housni Elbrouj, une ville \u00e0 quelques 150 km de Casablanca. La capitale des B\u00e9ni Meskine. On \u00e9tait quatre hommes \u00e0 y faire le d\u00e9placement, un apr\u00e8s-midi, en deux voitures. L\u2019une jusqu\u2019\u00e0 Berrchid, l\u2019autre jusqu\u2019\u00e0 Elborouj, en passant par Settat, la capitale de la Chaouia. Conduites par deux de ses [&hellip;]<\/p>\n","protected":false},"author":1760,"featured_media":0,"comment_status":"closed","ping_status":"closed","sticky":false,"template":"","format":"standard","meta":{"fifu_image_url":"","fifu_image_alt":"","footnotes":""},"categories":[73,54],"tags":[],"class_list":["post-139542","post","type-post","status-publish","format-standard","hentry","category-actualite","category-maroc"],"_links":{"self":[{"href":"https:\/\/linitiative.ca\/International\/wp-json\/wp\/v2\/posts\/139542","targetHints":{"allow":["GET"]}}],"collection":[{"href":"https:\/\/linitiative.ca\/International\/wp-json\/wp\/v2\/posts"}],"about":[{"href":"https:\/\/linitiative.ca\/International\/wp-json\/wp\/v2\/types\/post"}],"author":[{"embeddable":true,"href":"https:\/\/linitiative.ca\/International\/wp-json\/wp\/v2\/users\/1760"}],"replies":[{"embeddable":true,"href":"https:\/\/linitiative.ca\/International\/wp-json\/wp\/v2\/comments?post=139542"}],"version-history":[{"count":0,"href":"https:\/\/linitiative.ca\/International\/wp-json\/wp\/v2\/posts\/139542\/revisions"}],"wp:attachment":[{"href":"https:\/\/linitiative.ca\/International\/wp-json\/wp\/v2\/media?parent=139542"}],"wp:term":[{"taxonomy":"category","embeddable":true,"href":"https:\/\/linitiative.ca\/International\/wp-json\/wp\/v2\/categories?post=139542"},{"taxonomy":"post_tag","embeddable":true,"href":"https:\/\/linitiative.ca\/International\/wp-json\/wp\/v2\/tags?post=139542"}],"curies":[{"name":"wp","href":"https:\/\/api.w.org\/{rel}","templated":true}]}}