{"id":139543,"date":"2022-01-27T09:00:53","date_gmt":"2022-01-27T14:00:53","guid":{"rendered":"https:\/\/linitiative.ca\/International\/de-la-recevabilite-de-la-plainte-du-maroc\/"},"modified":"2022-01-27T09:00:53","modified_gmt":"2022-01-27T14:00:53","slug":"de-la-recevabilite-de-la-plainte-du-maroc","status":"publish","type":"post","link":"https:\/\/linitiative.ca\/International\/de-la-recevabilite-de-la-plainte-du-maroc\/","title":{"rendered":"De la recevabilit\u00e9 de la plainte du Maroc"},"content":{"rendered":"<div>\n<p class=\"has-text-align-center has-vivid-red-color has-text-color\"><strong>Affaire Pegasus en France<\/strong><\/p>\n<p class=\"has-text-align-right\"><strong>\u00a0Par : Adil Zaari Jabiri (MAP)<\/strong><\/p>\n<p class=\"has-vivid-cyan-blue-color has-text-color\"><strong>La justice fran\u00e7aise a ouvert, mercredi, l\u2019examen de la plainte du Maroc dans un proc\u00e8s en diffamation contre des ONG et des m\u00e9dias fran\u00e7ais qui ont accus\u00e9 le Royaume de les avoir espionn\u00e9, via le logiciel \u00ab\u00a0Pegasus\u00a0\u00bb.<\/strong><\/p>\n<p>Dans son r\u00e9quisitoire, la procureure a d\u2019embl\u00e9e plaid\u00e9 l\u2019irrecevabilit\u00e9, arguant que les \u00c9tats n\u2019ont pas la qualit\u00e9 d\u2019intenter des proc\u00e8s en diffamation au nom de la fameuse loi fran\u00e7aise de 1881 sur la libert\u00e9 de la presse.<br \/>Sauf que dans cette affaire, o\u00f9 les officines obscures du politique et une certaine presse se sont ligu\u00e9es contre le Maroc dans une vile tentative d\u2019intimidation, les choses sont diff\u00e9rentes.<\/p>\n<p>Le Maroc a jou\u00e9, depuis le d\u00e9but, la carte de la transparence, d\u00e9mentant cat\u00e9goriquement les all\u00e9gations mensong\u00e8res d\u2019Amnesty international et du Consortium Forbidden Stories. Preuves \u00e0 l\u2019appui, le Royaume n\u2019a pas h\u00e9sit\u00e9 \u00e0 mener une contre-expertise scientifique de haute pr\u00e9cision qui a d\u00e9montr\u00e9 le caract\u00e8re mensonger de ces all\u00e9gations.<\/p>\n<p>Il s\u2019en est suivie une demande de citation \u00e0 comparaitre des m\u00e9dias fran\u00e7ais impliqu\u00e9s et de ceux d\u2019autres pays pour diffamation devant leurs juridictions respectives non pas dans une sorte de \u00ab\u00a0proc\u00e9dure b\u00e2illon\u00a0\u00bb \u00e0 leur \u00e9gard ou pour porter atteinte \u00e0 la sacro-sainte libert\u00e9 d\u2019expression que le Royaume prot\u00e8ge tout comme le font les pays d\u00e9mocratiques, mais pour d\u00e9fendre ses droits et sa r\u00e9putation ainsi que celles de ses administrations s\u00e9curitaires qui agissent dans le cadre de l\u2019\u00c9tat de droit.<\/p>\n<p>Et puisque les \u00c9tats sont des personnes morales de droit public, ils doivent \u00eatre en mesure de d\u00e9fendre leur r\u00e9putation devant la justice.<\/p>\n<p>A travers ce proc\u00e8s en diffamation, le Maroc ne m\u00e8ne pas une op\u00e9ration de \u00ab\u00a0com\u00a0\u00bb. Il n\u2019en a pas besoin. Il use tout simplement de son droit de r\u00e9clamer r\u00e9paration des pr\u00e9judices et des torts subis, car les accusations sont graves et portent atteinte \u00e0 son image, \u00e0 son honneur et \u00e0 sa r\u00e9putation.<\/p>\n<p>Pour l\u2019avocat du Royaume, Me Olivier Baratelli, les m\u00e9dias fran\u00e7ais, qui font objet de la plainte \u00ab\u00a0ne veulent surtout pas que l\u2019on aborde le fonds du dossier, car aujourd\u2019hui l\u2019enqu\u00eate men\u00e9e en France a r\u00e9v\u00e9l\u00e9 que ce qu\u2019ils ont avanc\u00e9 \u00e9tait faux et que le Maroc n\u2019a jamais utilis\u00e9 le logiciel Pegasus\u00a0\u00bb.<\/p>\n<p>\u00ab\u00a0On utilise donc des artifices de proc\u00e9dure, des moyens d\u2019irrecevabilit\u00e9, de pr\u00e9tendues nullit\u00e9s : Tout ce qu\u2019il faut pour faire un \u00e9cran de fum\u00e9e afin d\u2019\u00e9viter le d\u00e9bat de fond\u00a0\u00bb, a d\u00e9clar\u00e9 l\u2019avocat fran\u00e7ais au site d\u2019information \u00ab\u00a0Altasinfo.fr\u00a0\u00bb.<\/p>\n<p>La recevabilit\u00e9 de la plainte est d\u00e8s lors incontestable dans cette affaire, d\u2019autant plus qu\u2019il est grand temps que les \u00c9tats et les structures qui y rel\u00e8vent, qui ne peuvent se soustraire \u00e0 leur qualit\u00e9 juridique de sujets de droit, puissent acc\u00e9der \u00e9quitablement \u00e0 la justice pour se d\u00e9fendre des atteintes diffamatoires et se prot\u00e9ger contre des fac\u00e9ties pr\u00e9sent\u00e9es par des m\u00e9dias irresponsables comme des v\u00e9rit\u00e9s absolues.<\/p>\n<p>L\u2019article <a rel=\"nofollow\" href=\"http:\/\/albayane.press.ma\/de-la-recevabilite-de-la-plainte-du-maroc.html\">De la recevabilit\u00e9 de la plainte du Maroc<\/a> est apparu en premier sur <a rel=\"nofollow\" href=\"http:\/\/albayane.press.ma\/\">ALBAYANE<\/a>.<\/p>\n<\/div>\n<p>Auteur: M&rsquo;hammed rahal<br \/>\n<a href=\"http:\/\/albayane.press.ma\/de-la-recevabilite-de-la-plainte-du-maroc.html\">Cliquez ici pour lire l&rsquo;article depuis sa source.<\/a><\/p>\n","protected":false},"excerpt":{"rendered":"<p>Affaire Pegasus en France \u00a0Par : Adil Zaari Jabiri (MAP) La justice fran\u00e7aise a ouvert, mercredi, l\u2019examen de la plainte du Maroc dans un proc\u00e8s en diffamation contre des ONG et des m\u00e9dias fran\u00e7ais qui ont accus\u00e9 le Royaume de les avoir espionn\u00e9, via le logiciel \u00ab\u00a0Pegasus\u00a0\u00bb. Dans son r\u00e9quisitoire, la procureure a d\u2019embl\u00e9e plaid\u00e9 [&hellip;]<\/p>\n","protected":false},"author":1760,"featured_media":0,"comment_status":"closed","ping_status":"closed","sticky":false,"template":"","format":"standard","meta":{"fifu_image_url":"","fifu_image_alt":"","footnotes":""},"categories":[73,54],"tags":[],"class_list":["post-139543","post","type-post","status-publish","format-standard","hentry","category-actualite","category-maroc"],"_links":{"self":[{"href":"https:\/\/linitiative.ca\/International\/wp-json\/wp\/v2\/posts\/139543","targetHints":{"allow":["GET"]}}],"collection":[{"href":"https:\/\/linitiative.ca\/International\/wp-json\/wp\/v2\/posts"}],"about":[{"href":"https:\/\/linitiative.ca\/International\/wp-json\/wp\/v2\/types\/post"}],"author":[{"embeddable":true,"href":"https:\/\/linitiative.ca\/International\/wp-json\/wp\/v2\/users\/1760"}],"replies":[{"embeddable":true,"href":"https:\/\/linitiative.ca\/International\/wp-json\/wp\/v2\/comments?post=139543"}],"version-history":[{"count":0,"href":"https:\/\/linitiative.ca\/International\/wp-json\/wp\/v2\/posts\/139543\/revisions"}],"wp:attachment":[{"href":"https:\/\/linitiative.ca\/International\/wp-json\/wp\/v2\/media?parent=139543"}],"wp:term":[{"taxonomy":"category","embeddable":true,"href":"https:\/\/linitiative.ca\/International\/wp-json\/wp\/v2\/categories?post=139543"},{"taxonomy":"post_tag","embeddable":true,"href":"https:\/\/linitiative.ca\/International\/wp-json\/wp\/v2\/tags?post=139543"}],"curies":[{"name":"wp","href":"https:\/\/api.w.org\/{rel}","templated":true}]}}