{"id":139545,"date":"2022-01-27T09:18:07","date_gmt":"2022-01-27T14:18:07","guid":{"rendered":"https:\/\/linitiative.ca\/International\/glencore-et-managem-signent-un-partenariat-strategique\/"},"modified":"2022-01-27T09:18:07","modified_gmt":"2022-01-27T14:18:07","slug":"glencore-et-managem-signent-un-partenariat-strategique","status":"publish","type":"post","link":"https:\/\/linitiative.ca\/International\/glencore-et-managem-signent-un-partenariat-strategique\/","title":{"rendered":"Glencore et Managem signent un partenariat strat\u00e9gique"},"content":{"rendered":"<div>\n<p class=\"has-text-align-center has-vivid-red-color has-text-color\"><strong>Production du cobalt recycl\u00e9 au Maroc<\/strong><\/p>\n<p class=\"has-vivid-cyan-blue-color has-text-color\"><strong>Glencore et Managem ont sign\u00e9 un partenariat pour produire du cobalt \u00e0 partir de mat\u00e9riaux de batteries recycl\u00e9es au sein des unit\u00e9s hydrom\u00e9tallurgiques CTT de Managem \u00e0 Guemassa (37 km de Marrakech).<\/strong><\/p>\n<p>Ce partenariat met en exergue les engagements de Managem \u00e0 soutenir l\u2019industrie des v\u00e9hicules \u00e9lectriques dans la r\u00e9alisation de ses objectifs de recyclage des d\u00e9chets industriels m\u00e9talliques, indique Managem dans un communiqu\u00e9.<\/p>\n<p>Glencore et CTT ont ainsi l\u2019intention de conclure un \u00ab\u00a0tolling agreement\u00a0\u00bb (contrat de travail \u00e0 fa\u00e7on) de 5 ans pour 1.200 tonnes de cobalt recycl\u00e9 par an ainsi que pour l\u2019hydroxyde de nickel et le carbonate de lithium, pr\u00e9cise la m\u00eame source.<\/p>\n<p>\u00ab\u00a0Au cours de la prochaine d\u00e9cennie, la demande de cobalt devrait augmenter consid\u00e9rablement sous l\u2019impulsion de la transition \u00e9nerg\u00e9tique verte, la plupart des acteurs de la cha\u00eene d\u2019approvisionnement cherchant \u00e0 garantir des mat\u00e9riaux d\u2019origine durable. Nous sommes fermement convaincus que le recyclage jouera un r\u00f4le crucial pour r\u00e9pondre \u00e0 cette demande\u00a0\u00bb, a indiqu\u00e9 Imad Toumi, Pr\u00e9sident-Directeur G\u00e9n\u00e9ral de Managem, cit\u00e9 dans le communiqu\u00e9.<\/p>\n<p>\u00ab\u00a0Managem s\u2019engage pleinement \u00e0 soutenir l\u2019\u00e9conomie circulaire mondiale par le biais du cobalt, du nickel et du lithium recycl\u00e9s, tout en valorisant le cobalt selon les normes RSE les plus strictes. Ce partenariat avec Glencore repr\u00e9sente un jalon prometteur de notre d\u00e9veloppement dans ce domaine\u00a0\u00bb, a-t-il ajout\u00e9.<\/p>\n<p>Ce partenariat est conditionn\u00e9 par une \u00e9tude de faisabilit\u00e9 visant \u00e0 \u00e9valuer la viabilit\u00e9 commerciale avec la mise \u00e0 disposition d\u2019ateliers industriels au sein de la raffinerie CTT pour la r\u00e9cup\u00e9ration du cobalt, du nickel et du lithium \u00e0 partir de la \u00ab\u00a0Black Mass\u00a0\u00bb (mati\u00e8re pr\u00eate au recyclage).<\/p>\n<p>L\u2019objectif \u00e9tant d\u2019atteindre des rendements de r\u00e9cup\u00e9rations selon les benchmarks mondiaux et une faible empreinte Carbone, comme c\u2019est le cas des proc\u00e9d\u00e9s d\u00e9j\u00e0 utilis\u00e9s au sein du complexe industriel de Guemassa, note Manageme, faisant savoir que l\u2019usine hydrom\u00e9tallurgique de CTT b\u00e9n\u00e9ficiera d\u2019au moins 90% d\u2019\u00e9nergie verte (parcs \u00e9oliens).<\/p>\n<p>Glencore pourra s\u2019appuyer sur sa longue exp\u00e9rience en mati\u00e8re d\u2019approvisionnement et de recyclage de produits contenant du cobalt et du nickel dans ses exploitations canadiennes (Sudbury) et norv\u00e9giennes (Nikkelverk) pour fournir de la Black Mass contenant du cobalt \u00e0 la raffinerie de CTT.<\/p>\n<p>Managem, de son c\u00f4t\u00e9, fournira la technologie de recyclage des batteries lithium-ion d\u00e9velopp\u00e9e et test\u00e9e dans l\u2019usine pilote du centre de R&amp;D REMINEX. Cette technologie permet un taux \u00e9lev\u00e9 de r\u00e9cup\u00e9ration du cobalt, du nickel et du lithium \u00e0 partir de la Black Mass.<\/p>\n<p>Glencore commercialisera les produits recycl\u00e9s aupr\u00e8s de son r\u00e9seau mondial de clients des secteurs de l\u2019\u00e9lectronique portable et de l\u2019automobile, dans le cadre de son engagement continu \u00e0 soutenir la transition vers une \u00e9conomie \u00e0 faible empreinte carbone, et \u00e0 r\u00e9aliser sa propre ambition de \u00ab\u00a0z\u00e9ro carbone\u00a0\u00bb d\u2019ici 2050.<\/p>\n<p>Ce partenariat s\u2019appuie sur un engagement commun en faveur d\u2019une cha\u00eene d\u2019approvisionnement en cobalt responsable. Glencore et Managem participent tous deux au \u00ab\u00a0Processus d\u2019assurance\u00a0\u00bb de l\u2019Initiative pour des min\u00e9raux responsables (RMI) pour le cobalt. Les mines de KCC et de Murrin Murrin de Glencore et les mines de Bou-Azzer et la Compagnie de Tifnout Tiranimine (CTT) de Managem sont toutes conformes \u00e0 ces standards et sont par ailleurs membres de longue date du Cobalt Institute.<\/p>\n<p>L\u2019article <a rel=\"nofollow\" href=\"http:\/\/albayane.press.ma\/glencore-et-managem-signent-un-partenariat-strategique.html\">Glencore et Managem signent un partenariat strat\u00e9gique<\/a> est apparu en premier sur <a rel=\"nofollow\" href=\"http:\/\/albayane.press.ma\/\">ALBAYANE<\/a>.<\/p>\n<\/div>\n<p>Auteur: M&rsquo;hammed rahal<br \/>\n<a href=\"http:\/\/albayane.press.ma\/glencore-et-managem-signent-un-partenariat-strategique.html\">Cliquez ici pour lire l&rsquo;article depuis sa source.<\/a><\/p>\n","protected":false},"excerpt":{"rendered":"<p>Production du cobalt recycl\u00e9 au Maroc Glencore et Managem ont sign\u00e9 un partenariat pour produire du cobalt \u00e0 partir de mat\u00e9riaux de batteries recycl\u00e9es au sein des unit\u00e9s hydrom\u00e9tallurgiques CTT de Managem \u00e0 Guemassa (37 km de Marrakech). Ce partenariat met en exergue les engagements de Managem \u00e0 soutenir l\u2019industrie des v\u00e9hicules \u00e9lectriques dans la [&hellip;]<\/p>\n","protected":false},"author":1760,"featured_media":0,"comment_status":"closed","ping_status":"closed","sticky":false,"template":"","format":"standard","meta":{"fifu_image_url":"","fifu_image_alt":"","footnotes":""},"categories":[73,54],"tags":[],"class_list":["post-139545","post","type-post","status-publish","format-standard","hentry","category-actualite","category-maroc"],"_links":{"self":[{"href":"https:\/\/linitiative.ca\/International\/wp-json\/wp\/v2\/posts\/139545","targetHints":{"allow":["GET"]}}],"collection":[{"href":"https:\/\/linitiative.ca\/International\/wp-json\/wp\/v2\/posts"}],"about":[{"href":"https:\/\/linitiative.ca\/International\/wp-json\/wp\/v2\/types\/post"}],"author":[{"embeddable":true,"href":"https:\/\/linitiative.ca\/International\/wp-json\/wp\/v2\/users\/1760"}],"replies":[{"embeddable":true,"href":"https:\/\/linitiative.ca\/International\/wp-json\/wp\/v2\/comments?post=139545"}],"version-history":[{"count":0,"href":"https:\/\/linitiative.ca\/International\/wp-json\/wp\/v2\/posts\/139545\/revisions"}],"wp:attachment":[{"href":"https:\/\/linitiative.ca\/International\/wp-json\/wp\/v2\/media?parent=139545"}],"wp:term":[{"taxonomy":"category","embeddable":true,"href":"https:\/\/linitiative.ca\/International\/wp-json\/wp\/v2\/categories?post=139545"},{"taxonomy":"post_tag","embeddable":true,"href":"https:\/\/linitiative.ca\/International\/wp-json\/wp\/v2\/tags?post=139545"}],"curies":[{"name":"wp","href":"https:\/\/api.w.org\/{rel}","templated":true}]}}