{"id":139549,"date":"2022-01-27T09:00:00","date_gmt":"2022-01-27T14:00:00","guid":{"rendered":"https:\/\/linitiative.ca\/International\/covid-19-une-reunion-extraordinaire-se-prononcera-sur-la-reprise-des-cours\/"},"modified":"2022-01-27T09:00:00","modified_gmt":"2022-01-27T14:00:00","slug":"covid-19-une-reunion-extraordinaire-se-prononcera-sur-la-reprise-des-cours","status":"publish","type":"post","link":"https:\/\/linitiative.ca\/International\/covid-19-une-reunion-extraordinaire-se-prononcera-sur-la-reprise-des-cours\/","title":{"rendered":"Covid-19: une r\u00e9union extraordinaire se prononcera sur la reprise des cours"},"content":{"rendered":"<div>Le ministre de l&rsquo;Education nationale, Abdelhakim Belabed, a indiqu\u00e9 jeudi que la d\u00e9cision de reprendre ou pas les cours dans les trois paliers scolaires sera annonc\u00e9e d&rsquo;une r\u00e9union extraordinaire pr\u00e9sid\u00e9e par le pr\u00e9sident de la R\u00e9publique.<\/div>\n<p>Auteur:<br \/>\n<a href=\"https:\/\/www.liberte-algerie.com\/actualite\/covid-19-une-reunion-extraordinaire-se-prononcera-sur-la-reprise-des-cours-372349\">Cliquez ici pour lire l&rsquo;article depuis sa source.<\/a><\/p>\n","protected":false},"excerpt":{"rendered":"<p>Le ministre de l&rsquo;Education nationale, Abdelhakim Belabed, a indiqu\u00e9 jeudi que la d\u00e9cision de reprendre ou pas les cours dans les trois paliers scolaires sera annonc\u00e9e d&rsquo;une r\u00e9union extraordinaire pr\u00e9sid\u00e9e par le pr\u00e9sident de la R\u00e9publique. Auteur: Cliquez ici pour lire l&rsquo;article depuis sa source.<\/p>\n","protected":false},"author":1742,"featured_media":0,"comment_status":"closed","ping_status":"closed","sticky":false,"template":"","format":"standard","meta":{"fifu_image_url":"","fifu_image_alt":"","footnotes":""},"categories":[73,53],"tags":[],"class_list":["post-139549","post","type-post","status-publish","format-standard","hentry","category-actualite","category-algerie"],"_links":{"self":[{"href":"https:\/\/linitiative.ca\/International\/wp-json\/wp\/v2\/posts\/139549","targetHints":{"allow":["GET"]}}],"collection":[{"href":"https:\/\/linitiative.ca\/International\/wp-json\/wp\/v2\/posts"}],"about":[{"href":"https:\/\/linitiative.ca\/International\/wp-json\/wp\/v2\/types\/post"}],"author":[{"embeddable":true,"href":"https:\/\/linitiative.ca\/International\/wp-json\/wp\/v2\/users\/1742"}],"replies":[{"embeddable":true,"href":"https:\/\/linitiative.ca\/International\/wp-json\/wp\/v2\/comments?post=139549"}],"version-history":[{"count":0,"href":"https:\/\/linitiative.ca\/International\/wp-json\/wp\/v2\/posts\/139549\/revisions"}],"wp:attachment":[{"href":"https:\/\/linitiative.ca\/International\/wp-json\/wp\/v2\/media?parent=139549"}],"wp:term":[{"taxonomy":"category","embeddable":true,"href":"https:\/\/linitiative.ca\/International\/wp-json\/wp\/v2\/categories?post=139549"},{"taxonomy":"post_tag","embeddable":true,"href":"https:\/\/linitiative.ca\/International\/wp-json\/wp\/v2\/tags?post=139549"}],"curies":[{"name":"wp","href":"https:\/\/api.w.org\/{rel}","templated":true}]}}