{"id":139556,"date":"2022-01-27T07:15:07","date_gmt":"2022-01-27T12:15:07","guid":{"rendered":"https:\/\/linitiative.ca\/International\/des-jeunes-acteurs-associatifs-au-chevet-des-sans-abri\/"},"modified":"2022-01-27T07:15:07","modified_gmt":"2022-01-27T12:15:07","slug":"des-jeunes-acteurs-associatifs-au-chevet-des-sans-abri","status":"publish","type":"post","link":"https:\/\/linitiative.ca\/International\/des-jeunes-acteurs-associatifs-au-chevet-des-sans-abri\/","title":{"rendered":"Des jeunes acteurs associatifs au chevet des sans-abri"},"content":{"rendered":"<div>\n<div style=\"margin-bottom:20px;\"><img loading=\"lazy\" decoding=\"async\" width=\"750\" height=\"430\" src=\"https:\/\/linitiative.ca\/International\/wp-content\/uploads\/sites\/23\/2022\/01\/essaouira-copier-5.jpg\" class=\"attachment-post-thumbnail size-post-thumbnail wp-post-image\" alt=\"\" srcset=\"https:\/\/linitiative.ca\/International\/wp-content\/uploads\/sites\/23\/2022\/01\/essaouira-copier-5.jpg 750w, https:\/\/www.mapmarrakech.ma\/map\/uploads\/2022\/01\/essaouira-copier-5-300x172.jpg 300w\" sizes=\"auto, (max-width: 750px) 100vw, 750px\"><\/div>\n<div>\n<p>Cette \u00e9ni\u00e8me action visait \u00e0 att\u00e9nuer les souffrances de cette cat\u00e9gorie tr\u00e8s vuln\u00e9rable, en particulier en cette saison hivernale et en cette p\u00e9riode de crise li\u00e9e \u00e0 la pand\u00e9mie de la Covid-19.<\/p>\n<p>En effet, ces jeunes acteurs, p\u00e9tris de g\u00e9n\u00e9rosit\u00e9 et fortement engag\u00e9s, ont d\u00e9montr\u00e9, si besoin est, leur engagement infaillible en faveur de la cons\u00e9cration des valeurs d\u2019empathie et de commis\u00e9ration, \u00f4 combien ancr\u00e9es au sein de la soci\u00e9t\u00e9 marocaine, en allant \u00e0 la rencontre, t\u00f4t le matin, des sans-abris, des agents de propret\u00e9 et de collecte des d\u00e9chets et d\u2019autres personnes vuln\u00e9rables, pour leur apporter assistance \u00e0 travers la distribution de petits d\u00e9jeuners.<\/p>\n<p>Un geste des plus nobles qui a eu, certes, un \u00e9cho favorable aupr\u00e8s des b\u00e9n\u00e9ficiaires de cette action, hautement louable, qui vient t\u00e9moigner de l\u2019esprit de d\u00e9vouement et de n\u00e9gation de soi, qui anime ces jeunes souiris.<\/p>\n<p>Men\u00e9e en partenariat avec l\u2019Association Marocains Pluriels, cette action, qui s\u2019inscrit dans le cadre de l\u2019op\u00e9ration \u00ab\u00a0SHARIK\u00a0\u00bb (PARTAGE), qui sera lanc\u00e9e dans plusieurs villes du Royaume, consistait \u00e0 offrir aux sans-abri ou sans domicile fixe, cantonniers, \u00e9boueurs\u2026, un petit-d\u00e9jeuner compos\u00e9 essentiellement de lait, pain, \u0153ufs, yaourt, jus, fromage et caf\u00e9 chaud.<\/p>\n<p>Dans une d\u00e9claration \u00e0 la MAP, le pr\u00e9sident de l\u2019Association \u00ab\u00a0MogaJeunes\u00a0\u00bb, M. Otmane Mazzine, a relev\u00e9 que depuis deux ans, \u00ab\u00a0nous avons focalis\u00e9 nos actions sur la lutte contre le Coronavirus et ses variants\u00a0\u00bb, mais quand la saison hivernale a pris ses quartiers, \u00ab\u00a0nous nous effor\u00e7ons de venir aussi en aide \u00e0 nos compatriotes qui souffrent en cette p\u00e9riode difficile de l\u2019ann\u00e9e\u00a0\u00bb.<\/p>\n<p>Cette initiative \u00ab\u00a0n\u2019est nullement une action de charit\u00e9, mais tout simplement une action de solidarit\u00e9\u00a0\u00bb, a-t-il tenu \u00e0 expliquer, avant d\u2019encha\u00eener que \u00ab\u00a0notre contribution tend \u00e0 ce que ces valeurs humaines et soci\u00e9tales demeurent toujours vivaces et que la joie suscit\u00e9e par cette op\u00e9ration aupr\u00e8s des b\u00e9n\u00e9ficiaires soit notre plus belle reconnaissance\u00a0\u00bb.<\/p>\n<p>Outre les lieux fr\u00e9quent\u00e9s par les sans-abri au niveau de la ville, les jeunes membres de \u00ab\u00a0MogaJeunes\u00a0\u00bb ont \u00e9galement effectu\u00e9 une visite au centre de psychiatrie pour y offrir des petits d\u00e9jeuners, a-t-il fait savoir.<\/p>\n<p>De son c\u00f4t\u00e9, le pr\u00e9sident de \u00ab\u00a0Marocains Pluriels\u00a0\u00bb, M. Ahmed Ghayat, a indiqu\u00e9 qu\u2019au bout de deux ans de crise induite par la propagation de la pand\u00e9mie, \u00ab\u00a0l\u2019\u00e9lan de solidarit\u00e9 s\u2019essouffle\u00a0\u00bb, certes, mais gr\u00e2ce \u00e0 \u00ab\u00a0la force et la vitalit\u00e9\u00a0\u00bb qui les animent, \u00ab\u00a0les jeunes militants associatifs de terrain ne baissent pas les bras\u00a0\u00bb.<\/p>\n<p>\u00ab\u00a0Il y a une quinzaine de jours, avec les associations de diff\u00e9rentes villes, nous avons relanc\u00e9 -pour la 2\u00e8me ann\u00e9e- l\u2019action +lkhobz kaitsena+ (le pain attend), et l\u00e0 nous avons constat\u00e9 l\u2019ampleur de la demande, d\u2019o\u00f9 l\u2019id\u00e9e de lancer un 2\u00e8me volet que nous avons baptis\u00e9 +Sharik+ (Partage)\u00a0\u00bb.<\/p>\n<p>A Essaouira, c\u2019est l\u2019Association \u00ab\u00a0Mogajeunes\u00a0\u00bb qui a men\u00e9 cette action, a-t-il not\u00e9, relevant que \u00ab\u00a0nous allons reproduire l\u2019action dans les autres villes o\u00f9 nous sommes actifs\u00a0\u00bb.<\/p>\n<p>M. Ghayat n\u2019a pas manqu\u00e9 de rendre hommage \u00e0 ces jeunes acteurs engag\u00e9s, qu\u2019il qualifie de \u00ab\u00a0v\u00e9ritables valeureux !\u00a0\u00bb, avant de conclure en lan\u00e7ant un appel pour que \u00ab\u00a0chacun de nous soit chaleureusement invit\u00e9 \u00e0 reproduire ce geste solidaire, l\u00e0 o\u00f9 il vit\u00a0\u00bb.<\/p>\n<\/div>\n<p>The post <a rel=\"nofollow\" href=\"https:\/\/www.mapmarrakech.ma\/fr\/des-jeunes-acteurs-associatifs-au-chevet-des-sans-abri\/\">Des jeunes acteurs associatifs au chevet des sans-abri<\/a> appeared first on <a rel=\"nofollow\" href=\"https:\/\/www.mapmarrakech.ma\/fr\">MapMarrakech<\/a>.<\/p>\n<\/div>\n<p>Auteur: Meriem IGASS<br \/>\n<a href=\"https:\/\/www.mapmarrakech.ma\/fr\/des-jeunes-acteurs-associatifs-au-chevet-des-sans-abri\/\">Cliquez ici pour lire l&rsquo;article depuis sa source.<\/a><\/p>\n","protected":false},"excerpt":{"rendered":"<p>Cette \u00e9ni\u00e8me action visait \u00e0 att\u00e9nuer les souffrances de cette cat\u00e9gorie tr\u00e8s vuln\u00e9rable, en particulier en cette saison hivernale et en cette p\u00e9riode de crise li\u00e9e \u00e0 la pand\u00e9mie de la Covid-19. En effet, ces jeunes acteurs, p\u00e9tris de g\u00e9n\u00e9rosit\u00e9 et fortement engag\u00e9s, ont d\u00e9montr\u00e9, si besoin est, leur engagement infaillible en faveur de la [&hellip;]<\/p>\n","protected":false},"author":1788,"featured_media":0,"comment_status":"closed","ping_status":"closed","sticky":false,"template":"","format":"standard","meta":{"fifu_image_url":"https:\/\/www.mapmarrakech.ma\/map\/uploads\/2022\/01\/essaouira-copier-5.jpg","fifu_image_alt":"Des jeunes acteurs associatifs au chevet des sans-abri","footnotes":""},"categories":[54,76],"tags":[],"class_list":["post-139556","post","type-post","status-publish","format-standard","hentry","category-maroc","category-regions"],"_links":{"self":[{"href":"https:\/\/linitiative.ca\/International\/wp-json\/wp\/v2\/posts\/139556","targetHints":{"allow":["GET"]}}],"collection":[{"href":"https:\/\/linitiative.ca\/International\/wp-json\/wp\/v2\/posts"}],"about":[{"href":"https:\/\/linitiative.ca\/International\/wp-json\/wp\/v2\/types\/post"}],"author":[{"embeddable":true,"href":"https:\/\/linitiative.ca\/International\/wp-json\/wp\/v2\/users\/1788"}],"replies":[{"embeddable":true,"href":"https:\/\/linitiative.ca\/International\/wp-json\/wp\/v2\/comments?post=139556"}],"version-history":[{"count":0,"href":"https:\/\/linitiative.ca\/International\/wp-json\/wp\/v2\/posts\/139556\/revisions"}],"wp:attachment":[{"href":"https:\/\/linitiative.ca\/International\/wp-json\/wp\/v2\/media?parent=139556"}],"wp:term":[{"taxonomy":"category","embeddable":true,"href":"https:\/\/linitiative.ca\/International\/wp-json\/wp\/v2\/categories?post=139556"},{"taxonomy":"post_tag","embeddable":true,"href":"https:\/\/linitiative.ca\/International\/wp-json\/wp\/v2\/tags?post=139556"}],"curies":[{"name":"wp","href":"https:\/\/api.w.org\/{rel}","templated":true}]}}