{"id":139564,"date":"2022-01-27T13:55:17","date_gmt":"2022-01-27T18:55:17","guid":{"rendered":"https:\/\/linitiative.ca\/International\/le-cese-lance-la-plateforme-numerique-participative-ouchariko\/"},"modified":"2022-01-27T13:55:17","modified_gmt":"2022-01-27T18:55:17","slug":"le-cese-lance-la-plateforme-numerique-participative-ouchariko","status":"publish","type":"post","link":"https:\/\/linitiative.ca\/International\/le-cese-lance-la-plateforme-numerique-participative-ouchariko\/","title":{"rendered":"Le CESE lance la plateforme num\u00e9rique participative \u00ab\u00a0Ouchariko\u00a0\u00bb"},"content":{"rendered":"<div>\n<div style=\"margin-bottom:20px;\"><img loading=\"lazy\" decoding=\"async\" width=\"750\" height=\"430\" src=\"https:\/\/linitiative.ca\/International\/wp-content\/uploads\/sites\/23\/2022\/01\/Lancement-de-la-plateforme-numC3A9rique-participative-Ouchariko-750C397430.jpg\" class=\"attachment-post-thumbnail size-post-thumbnail wp-post-image\" alt=\"\" srcset=\"https:\/\/linitiative.ca\/International\/wp-content\/uploads\/sites\/23\/2022\/01\/Lancement-de-la-plateforme-numC3A9rique-participative-Ouchariko-750C397430.jpg 750w, https:\/\/www.mapoujda.ma\/map\/uploads\/2022\/01\/Lancement-de-la-plateforme-num\u00e9rique-participative-Ouchariko-750\u00d7430-300x172.jpg 300w\" sizes=\"auto, (max-width: 750px) 100vw, 750px\"><\/div>\n<p style=\"text-align: justify;\">Le pr\u00e9sident du Conseil \u00e9conomique, social et environnemental (CESE), Ahmed R\u00e9da Chami, a annonc\u00e9, jeudi \u00e0 Rabat, le lancement de la plateforme num\u00e9rique participative \u00ab\u00a0Ouchariko\u00a0\u00bb.<\/p>\n<p style=\"text-align: justify;\">Cette plateforme vise \u00e0 donner la parole aux citoyens pour interagir, d\u00e9battre et formuler des propositions quant \u00e0 des questions d\u2019ordre d\u00e9veloppemental du Maroc.<\/p>\n<p style=\"text-align: justify;\">A l\u2019occasion du lancement de \u00ab\u00a0Ouchariko\u00a0\u00bb, M. Chami a soulign\u00e9 que cette plateforme constitue un espace de mobilisation de l\u2019intelligence collective \u00e9largie, afin d\u2019accompagner et de soutenir l\u2019action publique et contribuer \u00e0 la mise en place effective de la d\u00e9mocratie participative.<\/p>\n<p style=\"text-align: justify;\">Ainsi, en mati\u00e8re de modalit\u00e9 proc\u00e9durale, le sujet sur lequel le CESE travaille sera abord\u00e9 au niveau de la plateforme pour collecter les avis, les recommandations et les contributions des citoyen(ne)s qui seront class\u00e9es par la suite pour les int\u00e9grer dans l\u2019\u00e9tude ou l\u2019avis en cours de r\u00e9alisation, a fait savoir M. Chami, notant que la plateforme s\u2019inscrit dans le cadre du r\u00f4le du CESE d\u2019\u00e9clairer les politiques publiques.<\/p>\n<p style=\"text-align: justify;\">La plateforme permettra \u00e9galement d\u2019\u00e9couter les besoins et les attentes des citoyens et de les prendre en consid\u00e9ration lors de la mise en place du plan d\u2019action annuel du Conseil, a-t-il pr\u00e9cis\u00e9.<\/p>\n<p style=\"text-align: justify;\">Concernant le plan technique, le pr\u00e9sident de la CESE a relev\u00e9 que la plateforme permet une navigation facile et garantit le respect des donn\u00e9es \u00e0 caract\u00e8re personnel des utilisateurs et l\u2019analyse, a post\u00e9riori, des contributions dans les avis du conseil, et propose deux langues, \u00e0 savoir le fran\u00e7ais et l\u2019arabe.<\/p>\n<p style=\"text-align: justify;\">\u00ab\u00a0La mise en place de cette plateforme vient rejoindre les autres m\u00e9canismes mis en place par le conseil, notamment les sondages d\u2019opinion, les focus-group, les ateliers de restitution ainsi que couronner les efforts du CESE visant \u00e0 garantir une meilleure ouverture et une implication plus forte des citoyen(ne)s dans ses travaux\u00a0\u00bb, a soulign\u00e9 M. Chami.<\/p>\n<p style=\"text-align: justify;\">Concernant le premier sujet abord\u00e9 sur la plateforme \u00ab\u00a0Ouchariko\u00a0\u00bb pour recueillir les contributions des citoyens, il a fait savoir qu\u2019il s\u2019agit du \u00ab\u00a0harc\u00e8lement sexuel dans les lieux de travail et de formation\u00a0\u00bb, qui fait partie du plan d\u2019action du conseil au titre de l\u2019ann\u00e9e 2022.<\/p>\n<p style=\"text-align: justify;\">Les s\u00e9ances d\u2019\u00e9coute organis\u00e9es dans le cadre de l\u2019\u00e9laboration du conseil d\u2019un rapport sur la lutte contre le harc\u00e8lement contre les filles et les femmes a fait ressortir le besoin d\u2019\u00e9tudier ce sujet qui touche directement les filles et les femmes actives dans la vie professionnelle et scolaire ainsi que l\u2019importance que rev\u00eat l\u2019\u00e9tude des causes du harc\u00e8lement, de ses r\u00e9percussions et la recherche de moyens efficaces et durables pour y rem\u00e9dier, a-t-il expliqu\u00e9.<\/p>\n<p style=\"text-align: justify;\">Dans ce sillage, un questionnaire sur le harc\u00e8lement sexuel dans le milieu universitaire est d\u00e9sormais disponible sur le site-web de la plateforme \u00ab\u00a0www.ouchariko.ma\u00a0\u00bb, dans l\u2019attente du lancement prochain d\u2019un autre questionnaire autour du harc\u00e8lement sexuel dans le milieu professionnel, a poursuivi M. Chami.<\/p>\n<p style=\"text-align: justify;\">Le CESE est une institution constitutionnelle ind\u00e9pendante qui donne son avis sur les grandes orientations de d\u00e9veloppement, les politiques publiques d\u2019ordre \u00e9conomique, social et en mati\u00e8re de d\u00e9veloppement durable et de r\u00e9gionalisation avanc\u00e9e.<\/p>\n<p>L\u2019article <a rel=\"nofollow\" href=\"https:\/\/www.mapoujda.ma\/fr\/le-cese-lance-la-plateforme-numerique-participative-ouchariko\/\">Le CESE lance la plateforme num\u00e9rique participative \u00ab\u00a0Ouchariko\u00a0\u00bb<\/a> est apparu en premier sur <a rel=\"nofollow\" href=\"https:\/\/www.mapoujda.ma\/fr\">MapOujda<\/a>.<\/p>\n<\/div>\n<p>Auteur: Soufiane ELAHMAR<br \/>\n<a href=\"https:\/\/www.mapoujda.ma\/fr\/le-cese-lance-la-plateforme-numerique-participative-ouchariko\/\">Cliquez ici pour lire l&rsquo;article depuis sa source.<\/a><\/p>\n","protected":false},"excerpt":{"rendered":"<p>Le pr\u00e9sident du Conseil \u00e9conomique, social et environnemental (CESE), Ahmed R\u00e9da Chami, a annonc\u00e9, jeudi \u00e0 Rabat, le lancement de la plateforme num\u00e9rique participative \u00ab\u00a0Ouchariko\u00a0\u00bb. Cette plateforme vise \u00e0 donner la parole aux citoyens pour interagir, d\u00e9battre et formuler des propositions quant \u00e0 des questions d\u2019ordre d\u00e9veloppemental du Maroc. A l\u2019occasion du lancement de \u00ab\u00a0Ouchariko\u00a0\u00bb, [&hellip;]<\/p>\n","protected":false},"author":1788,"featured_media":0,"comment_status":"closed","ping_status":"closed","sticky":false,"template":"","format":"standard","meta":{"fifu_image_url":"https:\/\/www.mapoujda.ma\/map\/uploads\/2022\/01\/Lancement-de-la-plateforme-num\u00e9rique-participative-Ouchariko-750\u00d7430.jpg","fifu_image_alt":"Le CESE lance la plateforme num\u00e9rique participative \u00ab\u00a0Ouchariko\u00a0\u00bb","footnotes":""},"categories":[54,76],"tags":[],"class_list":["post-139564","post","type-post","status-publish","format-standard","hentry","category-maroc","category-regions"],"_links":{"self":[{"href":"https:\/\/linitiative.ca\/International\/wp-json\/wp\/v2\/posts\/139564","targetHints":{"allow":["GET"]}}],"collection":[{"href":"https:\/\/linitiative.ca\/International\/wp-json\/wp\/v2\/posts"}],"about":[{"href":"https:\/\/linitiative.ca\/International\/wp-json\/wp\/v2\/types\/post"}],"author":[{"embeddable":true,"href":"https:\/\/linitiative.ca\/International\/wp-json\/wp\/v2\/users\/1788"}],"replies":[{"embeddable":true,"href":"https:\/\/linitiative.ca\/International\/wp-json\/wp\/v2\/comments?post=139564"}],"version-history":[{"count":0,"href":"https:\/\/linitiative.ca\/International\/wp-json\/wp\/v2\/posts\/139564\/revisions"}],"wp:attachment":[{"href":"https:\/\/linitiative.ca\/International\/wp-json\/wp\/v2\/media?parent=139564"}],"wp:term":[{"taxonomy":"category","embeddable":true,"href":"https:\/\/linitiative.ca\/International\/wp-json\/wp\/v2\/categories?post=139564"},{"taxonomy":"post_tag","embeddable":true,"href":"https:\/\/linitiative.ca\/International\/wp-json\/wp\/v2\/tags?post=139564"}],"curies":[{"name":"wp","href":"https:\/\/api.w.org\/{rel}","templated":true}]}}