{"id":139568,"date":"2022-01-27T07:24:56","date_gmt":"2022-01-27T12:24:56","guid":{"rendered":"https:\/\/linitiative.ca\/International\/prolongation-de-letat-durgence-sanitaire-au-maroc\/"},"modified":"2022-01-27T07:24:56","modified_gmt":"2022-01-27T12:24:56","slug":"prolongation-de-letat-durgence-sanitaire-au-maroc","status":"publish","type":"post","link":"https:\/\/linitiative.ca\/International\/prolongation-de-letat-durgence-sanitaire-au-maroc\/","title":{"rendered":"Prolongation de l&rsquo;\u00e9tat d&rsquo;urgence sanitaire au Maroc"},"content":{"rendered":"<div>\n<div class=\"field field-name-body field-type-text-with-summary field-label-hidden\">\n<div class=\"field-items\">\n<div class=\"field-item even\" property=\"content:encoded\">\n<p class=\"rtejustify\">Le Conseil de gouvernement, r\u00e9uni jeudi, a d\u00e9cid\u00e9 de prolonger la dur\u00e9e de validit\u00e9 de l&rsquo;\u00e9tat d&rsquo;urgence sanitaire sur l&rsquo;ensemble du territoire national jusqu&rsquo;au 28 f\u00e9vrier, dans le cadre des efforts d\u00e9ploy\u00e9s pour lutter contre la propagation de la pand\u00e9mie du Covid-19.<\/p>\n<p class=\"rtejustify\">Cette d\u00e9cision a \u00e9t\u00e9 annonc\u00e9e par le ministre d\u00e9l\u00e9gu\u00e9 charg\u00e9 des Relations avec le Parlement, porte-parole du Gouvernement, Mustapha Baitas, lors d&rsquo;un point de presse tenu, \u00e0 l&rsquo;issue des travaux du Conseil.<\/p>\n<p class=\"rtejustify\">\u00a0<\/p>\n<\/div>\n<\/div>\n<\/div>\n<\/div>\n<p>Auteur: mbasraoui<br \/>\n<a href=\"https:\/\/www.leconomiste.com\/flash-infos\/prolongation-de-l-etat-d-urgence-sanitaire-au-maroc\">Cliquez ici pour lire l&rsquo;article depuis sa source.<\/a><\/p>\n","protected":false},"excerpt":{"rendered":"<p>Le Conseil de gouvernement, r\u00e9uni jeudi, a d\u00e9cid\u00e9 de prolonger la dur\u00e9e de validit\u00e9 de l&rsquo;\u00e9tat d&rsquo;urgence sanitaire sur l&rsquo;ensemble du territoire national jusqu&rsquo;au 28 f\u00e9vrier, dans le cadre des efforts d\u00e9ploy\u00e9s pour lutter contre la propagation de la pand\u00e9mie du Covid-19. Cette d\u00e9cision a \u00e9t\u00e9 annonc\u00e9e par le ministre d\u00e9l\u00e9gu\u00e9 charg\u00e9 des Relations avec [&hellip;]<\/p>\n","protected":false},"author":1763,"featured_media":0,"comment_status":"closed","ping_status":"closed","sticky":false,"template":"","format":"standard","meta":{"fifu_image_url":"","fifu_image_alt":"","footnotes":""},"categories":[78,54],"tags":[],"class_list":["post-139568","post","type-post","status-publish","format-standard","hentry","category-economie","category-maroc"],"_links":{"self":[{"href":"https:\/\/linitiative.ca\/International\/wp-json\/wp\/v2\/posts\/139568","targetHints":{"allow":["GET"]}}],"collection":[{"href":"https:\/\/linitiative.ca\/International\/wp-json\/wp\/v2\/posts"}],"about":[{"href":"https:\/\/linitiative.ca\/International\/wp-json\/wp\/v2\/types\/post"}],"author":[{"embeddable":true,"href":"https:\/\/linitiative.ca\/International\/wp-json\/wp\/v2\/users\/1763"}],"replies":[{"embeddable":true,"href":"https:\/\/linitiative.ca\/International\/wp-json\/wp\/v2\/comments?post=139568"}],"version-history":[{"count":0,"href":"https:\/\/linitiative.ca\/International\/wp-json\/wp\/v2\/posts\/139568\/revisions"}],"wp:attachment":[{"href":"https:\/\/linitiative.ca\/International\/wp-json\/wp\/v2\/media?parent=139568"}],"wp:term":[{"taxonomy":"category","embeddable":true,"href":"https:\/\/linitiative.ca\/International\/wp-json\/wp\/v2\/categories?post=139568"},{"taxonomy":"post_tag","embeddable":true,"href":"https:\/\/linitiative.ca\/International\/wp-json\/wp\/v2\/tags?post=139568"}],"curies":[{"name":"wp","href":"https:\/\/api.w.org\/{rel}","templated":true}]}}