{"id":139570,"date":"2022-01-27T08:04:34","date_gmt":"2022-01-27T13:04:34","guid":{"rendered":"https:\/\/linitiative.ca\/International\/un-ferry-special-tanger-marseille-pour-debut-fevrier\/"},"modified":"2022-01-27T08:04:34","modified_gmt":"2022-01-27T13:04:34","slug":"un-ferry-special-tanger-marseille-pour-debut-fevrier","status":"publish","type":"post","link":"https:\/\/linitiative.ca\/International\/un-ferry-special-tanger-marseille-pour-debut-fevrier\/","title":{"rendered":"Un ferry sp\u00e9cial Tanger-Marseille pour d\u00e9but f\u00e9vrier"},"content":{"rendered":"<div>\n<div class=\"field field-name-body field-type-text-with-summary field-label-hidden\">\n<div class=\"field-items\">\n<div class=\"field-item even\" property=\"content:encoded\">\n<p class=\"rtejustify\">Le retour des Europ\u00e9ens et r\u00e9sidents permanents en France se poursuit depuis le Maroc.<\/p>\n<p class=\"rtejustify\">Un ferry sp\u00e9cial reliera Tanger \u00e0 Marseille mercredi 2 f\u00e9vrier, afin de permettre aux Fran\u00e7ais, aux citoyens europ\u00e9ens et aux r\u00e9sidents permanents en France voyageant \u00e0 bord d\u2019un v\u00e9hicule immatricul\u00e9 en Europe de rentrer, annonce l\u2019ambassade de France au Maroc.\u00a0<\/p>\n<\/div>\n<\/div>\n<\/div>\n<\/div>\n<p>Auteur: mbasraoui<br \/>\n<a href=\"https:\/\/www.leconomiste.com\/flash-infos\/un-ferry-special-tanger-marseille-pour-debut-fevrier\">Cliquez ici pour lire l&rsquo;article depuis sa source.<\/a><\/p>\n","protected":false},"excerpt":{"rendered":"<p>Le retour des Europ\u00e9ens et r\u00e9sidents permanents en France se poursuit depuis le Maroc. Un ferry sp\u00e9cial reliera Tanger \u00e0 Marseille mercredi 2 f\u00e9vrier, afin de permettre aux Fran\u00e7ais, aux citoyens europ\u00e9ens et aux r\u00e9sidents permanents en France voyageant \u00e0 bord d\u2019un v\u00e9hicule immatricul\u00e9 en Europe de rentrer, annonce l\u2019ambassade de France au Maroc.\u00a0 Auteur: [&hellip;]<\/p>\n","protected":false},"author":1763,"featured_media":0,"comment_status":"closed","ping_status":"closed","sticky":false,"template":"","format":"standard","meta":{"fifu_image_url":"","fifu_image_alt":"","footnotes":""},"categories":[78,54],"tags":[],"class_list":["post-139570","post","type-post","status-publish","format-standard","hentry","category-economie","category-maroc"],"_links":{"self":[{"href":"https:\/\/linitiative.ca\/International\/wp-json\/wp\/v2\/posts\/139570","targetHints":{"allow":["GET"]}}],"collection":[{"href":"https:\/\/linitiative.ca\/International\/wp-json\/wp\/v2\/posts"}],"about":[{"href":"https:\/\/linitiative.ca\/International\/wp-json\/wp\/v2\/types\/post"}],"author":[{"embeddable":true,"href":"https:\/\/linitiative.ca\/International\/wp-json\/wp\/v2\/users\/1763"}],"replies":[{"embeddable":true,"href":"https:\/\/linitiative.ca\/International\/wp-json\/wp\/v2\/comments?post=139570"}],"version-history":[{"count":0,"href":"https:\/\/linitiative.ca\/International\/wp-json\/wp\/v2\/posts\/139570\/revisions"}],"wp:attachment":[{"href":"https:\/\/linitiative.ca\/International\/wp-json\/wp\/v2\/media?parent=139570"}],"wp:term":[{"taxonomy":"category","embeddable":true,"href":"https:\/\/linitiative.ca\/International\/wp-json\/wp\/v2\/categories?post=139570"},{"taxonomy":"post_tag","embeddable":true,"href":"https:\/\/linitiative.ca\/International\/wp-json\/wp\/v2\/tags?post=139570"}],"curies":[{"name":"wp","href":"https:\/\/api.w.org\/{rel}","templated":true}]}}