{"id":139571,"date":"2022-01-27T09:11:44","date_gmt":"2022-01-27T14:11:44","guid":{"rendered":"https:\/\/linitiative.ca\/International\/les-levees-brutes-du-tresor-reculent-en-2021\/"},"modified":"2022-01-27T09:11:44","modified_gmt":"2022-01-27T14:11:44","slug":"les-levees-brutes-du-tresor-reculent-en-2021","status":"publish","type":"post","link":"https:\/\/linitiative.ca\/International\/les-levees-brutes-du-tresor-reculent-en-2021\/","title":{"rendered":"Les lev\u00e9es brutes du Tr\u00e9sor reculent en 2021"},"content":{"rendered":"<div>\n<div class=\"field field-name-body field-type-text-with-summary field-label-hidden\">\n<div class=\"field-items\">\n<div class=\"field-item even\" property=\"content:encoded\">\n<p class=\"rtejustify\">Les lev\u00e9es brutes du Tr\u00e9sor ont recul\u00e9, en glissement annuel, de 5,4% \u00e0 fin 2021 pour s&rsquo;\u00e9tablir \u00e0 144,5 milliards de DH, indique la Direction des \u00e9tudes et des pr\u00e9visions financi\u00e8res (DEPF) dans sa note de janvier 2022.<\/p>\n<\/div>\n<\/div>\n<\/div>\n<\/div>\n<p>Auteur: mbasraoui<br \/>\n<a href=\"https:\/\/www.leconomiste.com\/flash-infos\/les-levees-brutes-du-tresor-reculent-en-2021\">Cliquez ici pour lire l&rsquo;article depuis sa source.<\/a><\/p>\n","protected":false},"excerpt":{"rendered":"<p>Les lev\u00e9es brutes du Tr\u00e9sor ont recul\u00e9, en glissement annuel, de 5,4% \u00e0 fin 2021 pour s&rsquo;\u00e9tablir \u00e0 144,5 milliards de DH, indique la Direction des \u00e9tudes et des pr\u00e9visions financi\u00e8res (DEPF) dans sa note de janvier 2022. Auteur: mbasraoui Cliquez ici pour lire l&rsquo;article depuis sa source.<\/p>\n","protected":false},"author":1763,"featured_media":0,"comment_status":"closed","ping_status":"closed","sticky":false,"template":"","format":"standard","meta":{"fifu_image_url":"","fifu_image_alt":"","footnotes":""},"categories":[78,54],"tags":[],"class_list":["post-139571","post","type-post","status-publish","format-standard","hentry","category-economie","category-maroc"],"_links":{"self":[{"href":"https:\/\/linitiative.ca\/International\/wp-json\/wp\/v2\/posts\/139571","targetHints":{"allow":["GET"]}}],"collection":[{"href":"https:\/\/linitiative.ca\/International\/wp-json\/wp\/v2\/posts"}],"about":[{"href":"https:\/\/linitiative.ca\/International\/wp-json\/wp\/v2\/types\/post"}],"author":[{"embeddable":true,"href":"https:\/\/linitiative.ca\/International\/wp-json\/wp\/v2\/users\/1763"}],"replies":[{"embeddable":true,"href":"https:\/\/linitiative.ca\/International\/wp-json\/wp\/v2\/comments?post=139571"}],"version-history":[{"count":0,"href":"https:\/\/linitiative.ca\/International\/wp-json\/wp\/v2\/posts\/139571\/revisions"}],"wp:attachment":[{"href":"https:\/\/linitiative.ca\/International\/wp-json\/wp\/v2\/media?parent=139571"}],"wp:term":[{"taxonomy":"category","embeddable":true,"href":"https:\/\/linitiative.ca\/International\/wp-json\/wp\/v2\/categories?post=139571"},{"taxonomy":"post_tag","embeddable":true,"href":"https:\/\/linitiative.ca\/International\/wp-json\/wp\/v2\/tags?post=139571"}],"curies":[{"name":"wp","href":"https:\/\/api.w.org\/{rel}","templated":true}]}}