{"id":139574,"date":"2022-01-27T02:21:00","date_gmt":"2022-01-27T07:21:00","guid":{"rendered":"https:\/\/linitiative.ca\/International\/raymond-domenech-et-estelle-denis-separes-apres-18-ans-de-vie-commune\/"},"modified":"2022-01-27T02:21:00","modified_gmt":"2022-01-27T07:21:00","slug":"raymond-domenech-et-estelle-denis-separes-apres-18-ans-de-vie-commune","status":"publish","type":"post","link":"https:\/\/linitiative.ca\/International\/raymond-domenech-et-estelle-denis-separes-apres-18-ans-de-vie-commune\/","title":{"rendered":"Raymond Domenech et Estelle Denis s\u00e9par\u00e9s apr\u00e8s 18 ans de vie commune"},"content":{"rendered":"<div>L\u2019ann\u00e9e 2021 aura d\u00e9cid\u00e9ment \u00e9t\u00e9 particuli\u00e8rement compliqu\u00e9e pour Raymond Domenech&#8230;<\/div>\n<p>Auteur:<br \/>\n<a href=\"https:\/\/www.lebuteur.com\/article\/detail?titre=raymond-domenech-et-estelle-denis-separes-apres-18-ans-de-vie-commune&#038;id=102165\">Cliquez ici pour lire l&rsquo;article depuis sa source.<\/a><\/p>\n","protected":false},"excerpt":{"rendered":"<p>L\u2019ann\u00e9e 2021 aura d\u00e9cid\u00e9ment \u00e9t\u00e9 particuli\u00e8rement compliqu\u00e9e pour Raymond Domenech&#8230; Auteur: Cliquez ici pour lire l&rsquo;article depuis sa source.<\/p>\n","protected":false},"author":1738,"featured_media":0,"comment_status":"closed","ping_status":"closed","sticky":false,"template":"","format":"standard","meta":{"fifu_image_url":"","fifu_image_alt":"","footnotes":""},"categories":[53,75],"tags":[],"class_list":["post-139574","post","type-post","status-publish","format-standard","hentry","category-algerie","category-sport"],"_links":{"self":[{"href":"https:\/\/linitiative.ca\/International\/wp-json\/wp\/v2\/posts\/139574","targetHints":{"allow":["GET"]}}],"collection":[{"href":"https:\/\/linitiative.ca\/International\/wp-json\/wp\/v2\/posts"}],"about":[{"href":"https:\/\/linitiative.ca\/International\/wp-json\/wp\/v2\/types\/post"}],"author":[{"embeddable":true,"href":"https:\/\/linitiative.ca\/International\/wp-json\/wp\/v2\/users\/1738"}],"replies":[{"embeddable":true,"href":"https:\/\/linitiative.ca\/International\/wp-json\/wp\/v2\/comments?post=139574"}],"version-history":[{"count":0,"href":"https:\/\/linitiative.ca\/International\/wp-json\/wp\/v2\/posts\/139574\/revisions"}],"wp:attachment":[{"href":"https:\/\/linitiative.ca\/International\/wp-json\/wp\/v2\/media?parent=139574"}],"wp:term":[{"taxonomy":"category","embeddable":true,"href":"https:\/\/linitiative.ca\/International\/wp-json\/wp\/v2\/categories?post=139574"},{"taxonomy":"post_tag","embeddable":true,"href":"https:\/\/linitiative.ca\/International\/wp-json\/wp\/v2\/tags?post=139574"}],"curies":[{"name":"wp","href":"https:\/\/api.w.org\/{rel}","templated":true}]}}