{"id":139579,"date":"2022-01-27T04:19:00","date_gmt":"2022-01-27T09:19:00","guid":{"rendered":"https:\/\/linitiative.ca\/International\/attaque-du-capitole-donald-j-trump-entre-le-marteau-et-lenclume\/"},"modified":"2022-01-27T04:19:00","modified_gmt":"2022-01-27T09:19:00","slug":"attaque-du-capitole-donald-j-trump-entre-le-marteau-et-lenclume","status":"publish","type":"post","link":"https:\/\/linitiative.ca\/International\/attaque-du-capitole-donald-j-trump-entre-le-marteau-et-lenclume\/","title":{"rendered":"Attaque du Capitole: Donald J. Trump entre le marteau et l\u2019enclume"},"content":{"rendered":"<div><img decoding=\"async\" src=\"https:\/\/linitiative.ca\/International\/wp-content\/uploads\/sites\/23\/2022\/01\/1643272762_article.jpg\" alt=\"Attaque du Capitole: Donald J. Trump entre le marteau et l\u2019enclume\" align=\"left\">Par Mohsen Redissi &#8211; Il vient de subir un cinglant revers. Trois des juges de la Cour supr\u00eame qui ont vot\u00e9 pour la restitution des documents pr\u00e9sidentiels sont des juges nomm\u00e9s par ses soins pendant son mandat \u00e0 la Maison blanche, \u00e0 l\u2019\u00e9poque des juges tax\u00e9s de conservateurs \u00e0 souhait.<br \/>\nLa Cour f\u00e9d\u00e9rale du district de Washington a rejet\u00e9 en novembre la requ\u00eate de l\u2019ex-pr\u00e9sident Donald J. Trump de geler la diffusion d\u2019une partie de sa correspondance. En d\u00e9cembre, la Cour d&rsquo;appel du district de Columbia a rendu son verdict(1) confirmant la d\u00e9cision de la Cour f\u00e9d\u00e9rale. Trump est battu \u00e0 plate couture.<br \/>\nNon content de l\u2019arr\u00eat de la cour d\u2019appel, il porte plainte &#8230;<\/p>\n<\/div>\n<p>Auteur:<br \/>\n<a href=\"https:\/\/www.leaders.com.tn\/article\/32909-attaque-du-capitole-donald-j-trump-entre-le-marteau-et-l-enclume\">Cliquez ici pour lire l&rsquo;article depuis sa source.<\/a><\/p>\n","protected":false},"excerpt":{"rendered":"<p>Par Mohsen Redissi &#8211; Il vient de subir un cinglant revers. Trois des juges de la Cour supr\u00eame qui ont vot\u00e9 pour la restitution des documents pr\u00e9sidentiels sont des juges nomm\u00e9s par ses soins pendant son mandat \u00e0 la Maison blanche, \u00e0 l\u2019\u00e9poque des juges tax\u00e9s de conservateurs \u00e0 souhait. La Cour f\u00e9d\u00e9rale du district [&hellip;]<\/p>\n","protected":false},"author":1772,"featured_media":0,"comment_status":"closed","ping_status":"closed","sticky":false,"template":"","format":"standard","meta":{"fifu_image_url":"http:\/\/www.leaders.com.tn\/uploads\/content\/thumbnails_small\/1643272762_article.jpg","fifu_image_alt":"Attaque du Capitole: Donald J. Trump entre le marteau et l\u2019enclume","footnotes":""},"categories":[73,55],"tags":[],"class_list":["post-139579","post","type-post","status-publish","format-standard","hentry","category-actualite","category-tunisie"],"_links":{"self":[{"href":"https:\/\/linitiative.ca\/International\/wp-json\/wp\/v2\/posts\/139579","targetHints":{"allow":["GET"]}}],"collection":[{"href":"https:\/\/linitiative.ca\/International\/wp-json\/wp\/v2\/posts"}],"about":[{"href":"https:\/\/linitiative.ca\/International\/wp-json\/wp\/v2\/types\/post"}],"author":[{"embeddable":true,"href":"https:\/\/linitiative.ca\/International\/wp-json\/wp\/v2\/users\/1772"}],"replies":[{"embeddable":true,"href":"https:\/\/linitiative.ca\/International\/wp-json\/wp\/v2\/comments?post=139579"}],"version-history":[{"count":0,"href":"https:\/\/linitiative.ca\/International\/wp-json\/wp\/v2\/posts\/139579\/revisions"}],"wp:attachment":[{"href":"https:\/\/linitiative.ca\/International\/wp-json\/wp\/v2\/media?parent=139579"}],"wp:term":[{"taxonomy":"category","embeddable":true,"href":"https:\/\/linitiative.ca\/International\/wp-json\/wp\/v2\/categories?post=139579"},{"taxonomy":"post_tag","embeddable":true,"href":"https:\/\/linitiative.ca\/International\/wp-json\/wp\/v2\/tags?post=139579"}],"curies":[{"name":"wp","href":"https:\/\/api.w.org\/{rel}","templated":true}]}}