{"id":13958,"date":"2019-02-13T17:18:03","date_gmt":"2019-02-13T22:18:03","guid":{"rendered":"https:\/\/linitiative.ca\/International\/la-mauritanie-abrite-une-partie-de-lexercice-militaire-flintlock-2019\/"},"modified":"2019-02-13T17:18:03","modified_gmt":"2019-02-13T22:18:03","slug":"la-mauritanie-abrite-une-partie-de-lexercice-militaire-flintlock-2019","status":"publish","type":"post","link":"https:\/\/linitiative.ca\/International\/la-mauritanie-abrite-une-partie-de-lexercice-militaire-flintlock-2019\/","title":{"rendered":"La Mauritanie abrite une partie de l\u2019exercice militaire Flintlock 2019"},"content":{"rendered":"<div readability=\"32\">\n<p>Publi\u00e9 le 13.02.2019 \u00e0 23h18 par APA News<\/p>\n<\/div>\n<div readability=\"51\">\n<p>La Mauritanie abritera une partie de l\u2019exercice militaire multinational Flintlock 2019 qui connait la participation d\u2019un certain nombre de pays occidentaux et africains, a annonc\u00e9 l\u2019\u00e9tat-major des arm\u00e9es mauritaniennes, mercredi dans un communiqu\u00e9.Organis\u00e9 cette ann\u00e9e par le Burkina Faso, cet exercice se d\u00e9roulera partiellement dans la ville d\u2019Atar (400 kilom\u00e8tres au nord de Nouakchott) entre les 18 et 28 f\u00e9vrier courant, a pr\u00e9cis\u00e9 l\u2019\u00e9tat-major dans son communiqu\u00e9.<\/p>\n<p>Ce dernier a expliqu\u00e9 que ledit exercice vise \u00e0 d\u00e9velopper les capacit\u00e9s op\u00e9rationnelles des pays africains du Sahel dans le cadre d\u2019un partenariat multilat\u00e9ral.<\/p>\n<p>Il s\u2019agit d\u2019un \u00e9v\u00e8nement militaire annuel important qui mat\u00e9rialise la volont\u00e9 des pays participants de rehausser le niveau de coop\u00e9ration militaire et s\u00e9curitaire dans la r\u00e9gion du Sahel et du Sahara, a ajout\u00e9 le communiqu\u00e9.<\/p>\n<p><ins data-revive-zoneid=\"9\" data-revive-id=\"10111e19d28d19d031742ee3b0b33eb0\"\/> <\/p>\n<p>L\u2019\u00e9tat-major des arm\u00e9es mauritaniennes a consid\u00e9r\u00e9 que cet exercice repr\u00e9sente une opportunit\u00e9 d\u2019\u00e9change d\u2019expertises et d\u2019exp\u00e9riences en mati\u00e8re de lutte contre le terrorisme et le crime organis\u00e9 transfrontalier.<\/p>\n<\/div>\n<p>Auteur: APA News<br \/>\n<a href=\"https:\/\/www.journalducameroun.com\/la-mauritanie-abrite-une-partie-de-lexercice-militaire-flintlock-2019\/\">Cliquez ici pour lire l&rsquo;article depuis sa source.<\/a><\/p>\n","protected":false},"excerpt":{"rendered":"<p>Publi\u00e9 le 13.02.2019 \u00e0 23h18 par APA News La Mauritanie abritera une partie de l\u2019exercice militaire multinational Flintlock 2019 qui connait la participation d\u2019un certain nombre de pays occidentaux et africains, a annonc\u00e9 l\u2019\u00e9tat-major des arm\u00e9es mauritaniennes, mercredi dans un communiqu\u00e9.Organis\u00e9 cette ann\u00e9e par le Burkina Faso, cet exercice se d\u00e9roulera partiellement dans la ville [&hellip;]<\/p>\n","protected":false},"author":1965,"featured_media":0,"comment_status":"closed","ping_status":"closed","sticky":false,"template":"","format":"standard","meta":{"fifu_image_url":"","fifu_image_alt":"","footnotes":""},"categories":[73,82],"tags":[],"class_list":["post-13958","post","type-post","status-publish","format-standard","hentry","category-actualite","category-cameroun"],"_links":{"self":[{"href":"https:\/\/linitiative.ca\/International\/wp-json\/wp\/v2\/posts\/13958","targetHints":{"allow":["GET"]}}],"collection":[{"href":"https:\/\/linitiative.ca\/International\/wp-json\/wp\/v2\/posts"}],"about":[{"href":"https:\/\/linitiative.ca\/International\/wp-json\/wp\/v2\/types\/post"}],"author":[{"embeddable":true,"href":"https:\/\/linitiative.ca\/International\/wp-json\/wp\/v2\/users\/1965"}],"replies":[{"embeddable":true,"href":"https:\/\/linitiative.ca\/International\/wp-json\/wp\/v2\/comments?post=13958"}],"version-history":[{"count":0,"href":"https:\/\/linitiative.ca\/International\/wp-json\/wp\/v2\/posts\/13958\/revisions"}],"wp:attachment":[{"href":"https:\/\/linitiative.ca\/International\/wp-json\/wp\/v2\/media?parent=13958"}],"wp:term":[{"taxonomy":"category","embeddable":true,"href":"https:\/\/linitiative.ca\/International\/wp-json\/wp\/v2\/categories?post=13958"},{"taxonomy":"post_tag","embeddable":true,"href":"https:\/\/linitiative.ca\/International\/wp-json\/wp\/v2\/tags?post=13958"}],"curies":[{"name":"wp","href":"https:\/\/api.w.org\/{rel}","templated":true}]}}