{"id":139583,"date":"2022-01-27T07:26:00","date_gmt":"2022-01-27T12:26:00","guid":{"rendered":"https:\/\/linitiative.ca\/International\/adel-megdiche-le-peintre-qui-sen-va-avec-son-monde\/"},"modified":"2022-01-27T07:26:00","modified_gmt":"2022-01-27T12:26:00","slug":"adel-megdiche-le-peintre-qui-sen-va-avec-son-monde","status":"publish","type":"post","link":"https:\/\/linitiative.ca\/International\/adel-megdiche-le-peintre-qui-sen-va-avec-son-monde\/","title":{"rendered":"Adel Megdiche, le peintre qui s\u2019en va avec son monde"},"content":{"rendered":"<div><img decoding=\"async\" src=\"https:\/\/linitiative.ca\/International\/wp-content\/uploads\/sites\/23\/2022\/01\/1643282771_article.jpg\" alt=\"Adel Megdiche\" align=\"left\">Il avait rang\u00e9 ses pinceaux et cess\u00e9 de peindre, se retirant ces derni\u00e8res ann\u00e9es sur les collines d\u2019El Manar, en semaine, et de Sidi Jedi non loin de Hammamet, les longs weekends&#8230; Adel Megdiche, 72 ans \u00e0 peine, a l\u00e2ch\u00e9 prise. Cet illustre artiste peintre, au talent raffin\u00e9, ne se sentait plus de ce monde. Lass\u00e9 par tant de violence et de turpitudes, il s\u2019est laiss\u00e9 partir, sans pr\u00e9venir. Escrimeur, il ne voulait plus ferrailler avec ceux qui ne sont pas de son rang.<br \/>\nTr\u00e8s jeune, encore \u00e9l\u00e8ve au lyc\u00e9e de gar\u00e7ons de Sfax, Adel Megdiche avait accompli ses premiers pas au sein de l\u2019atelier de peinture anim\u00e9 \u00e0 la Maison des Jeunes de Sfax par Khelil Aloulou. Ses &#8230;<\/p>\n<\/div>\n<p>Auteur:<br \/>\n<a href=\"https:\/\/www.leaders.com.tn\/article\/32911-adel-megdiche-le-peintre-qui-s-en-va-avec-son-monde\">Cliquez ici pour lire l&rsquo;article depuis sa source.<\/a><\/p>\n","protected":false},"excerpt":{"rendered":"<p>Il avait rang\u00e9 ses pinceaux et cess\u00e9 de peindre, se retirant ces derni\u00e8res ann\u00e9es sur les collines d\u2019El Manar, en semaine, et de Sidi Jedi non loin de Hammamet, les longs weekends&#8230; Adel Megdiche, 72 ans \u00e0 peine, a l\u00e2ch\u00e9 prise. Cet illustre artiste peintre, au talent raffin\u00e9, ne se sentait plus de ce monde. [&hellip;]<\/p>\n","protected":false},"author":1772,"featured_media":0,"comment_status":"closed","ping_status":"closed","sticky":false,"template":"","format":"standard","meta":{"fifu_image_url":"http:\/\/www.leaders.com.tn\/uploads\/content\/thumbnails_small\/1643282771_article.jpg","fifu_image_alt":"Adel Megdiche, le peintre qui s\u2019en va avec son monde","footnotes":""},"categories":[73,55],"tags":[],"class_list":["post-139583","post","type-post","status-publish","format-standard","hentry","category-actualite","category-tunisie"],"_links":{"self":[{"href":"https:\/\/linitiative.ca\/International\/wp-json\/wp\/v2\/posts\/139583","targetHints":{"allow":["GET"]}}],"collection":[{"href":"https:\/\/linitiative.ca\/International\/wp-json\/wp\/v2\/posts"}],"about":[{"href":"https:\/\/linitiative.ca\/International\/wp-json\/wp\/v2\/types\/post"}],"author":[{"embeddable":true,"href":"https:\/\/linitiative.ca\/International\/wp-json\/wp\/v2\/users\/1772"}],"replies":[{"embeddable":true,"href":"https:\/\/linitiative.ca\/International\/wp-json\/wp\/v2\/comments?post=139583"}],"version-history":[{"count":0,"href":"https:\/\/linitiative.ca\/International\/wp-json\/wp\/v2\/posts\/139583\/revisions"}],"wp:attachment":[{"href":"https:\/\/linitiative.ca\/International\/wp-json\/wp\/v2\/media?parent=139583"}],"wp:term":[{"taxonomy":"category","embeddable":true,"href":"https:\/\/linitiative.ca\/International\/wp-json\/wp\/v2\/categories?post=139583"},{"taxonomy":"post_tag","embeddable":true,"href":"https:\/\/linitiative.ca\/International\/wp-json\/wp\/v2\/tags?post=139583"}],"curies":[{"name":"wp","href":"https:\/\/api.w.org\/{rel}","templated":true}]}}