{"id":139585,"date":"2022-01-27T09:43:38","date_gmt":"2022-01-27T14:43:38","guid":{"rendered":"https:\/\/linitiative.ca\/International\/international-la-ds4-elue-plus-belle-voiture-de-lannee-2022\/"},"modified":"2022-01-27T09:43:38","modified_gmt":"2022-01-27T14:43:38","slug":"international-la-ds4-elue-plus-belle-voiture-de-lannee-2022","status":"publish","type":"post","link":"https:\/\/linitiative.ca\/International\/international-la-ds4-elue-plus-belle-voiture-de-lannee-2022\/","title":{"rendered":"International. La DS4 \u00e9lue plus belle voiture de l\u2019ann\u00e9e 2022"},"content":{"rendered":"<div><img decoding=\"async\" width=\"543\" height=\"344\" src=\"https:\/\/linitiative.ca\/International\/wp-content\/uploads\/sites\/23\/2022\/01\/DS-4.jpg\" class=\"attachment-post-thumbnail size-post-thumbnail wp-post-image\" alt=\"\" loading=\"lazy\" srcset=\"https:\/\/linitiative.ca\/International\/wp-content\/uploads\/sites\/23\/2022\/01\/DS-4.jpg 543w, https:\/\/www.challenge.ma\/wp-content\/uploads\/2022\/01\/DS-4-300x190.jpg 300w, https:\/\/www.challenge.ma\/wp-content\/uploads\/2022\/01\/DS-4-360x228.jpg 360w\" sizes=\"auto, (max-width: 543px) 100vw, 543px\" itemprop=\"image\">C\u2019est act\u00e9\u00a0! Le jury de la 37\u00e8me \u00e9dition du Festival Automobile International a attribu\u00e9 le prix de la \u00abPlus Belle Voiture de l\u2019Ann\u00e9e 2022\u00bb \u00e0 la DS 4. La compacte fran\u00e7aise a s\u00e9duit les membres du jury de ce prestigieux \u00e9v\u00e9nement qui s\u2019est d\u00e9roul\u00e9 r\u00e9cemment en France. La DS4 a<\/div>\n<p>Auteur: challenge<br \/>\n<a href=\"https:\/\/www.challenge.ma\/international-la-ds4-elue-plus-belle-voiture-de-lannee-2022-231526\/\">Cliquez ici pour lire l&rsquo;article depuis sa source.<\/a><\/p>\n","protected":false},"excerpt":{"rendered":"<p>C\u2019est act\u00e9\u00a0! Le jury de la 37\u00e8me \u00e9dition du Festival Automobile International a attribu\u00e9 le prix de la \u00abPlus Belle Voiture de l\u2019Ann\u00e9e 2022\u00bb \u00e0 la DS 4. La compacte fran\u00e7aise a s\u00e9duit les membres du jury de ce prestigieux \u00e9v\u00e9nement qui s\u2019est d\u00e9roul\u00e9 r\u00e9cemment en France. La DS4 a Auteur: challenge Cliquez ici pour [&hellip;]<\/p>\n","protected":false},"author":1787,"featured_media":0,"comment_status":"closed","ping_status":"closed","sticky":false,"template":"","format":"standard","meta":{"fifu_image_url":"https:\/\/www.challenge.ma\/wp-content\/uploads\/2022\/01\/DS-4.jpg","fifu_image_alt":"International. La DS4 \u00e9lue plus belle voiture de l\u2019ann\u00e9e 2022","footnotes":""},"categories":[78,54],"tags":[],"class_list":["post-139585","post","type-post","status-publish","format-standard","hentry","category-economie","category-maroc"],"_links":{"self":[{"href":"https:\/\/linitiative.ca\/International\/wp-json\/wp\/v2\/posts\/139585","targetHints":{"allow":["GET"]}}],"collection":[{"href":"https:\/\/linitiative.ca\/International\/wp-json\/wp\/v2\/posts"}],"about":[{"href":"https:\/\/linitiative.ca\/International\/wp-json\/wp\/v2\/types\/post"}],"author":[{"embeddable":true,"href":"https:\/\/linitiative.ca\/International\/wp-json\/wp\/v2\/users\/1787"}],"replies":[{"embeddable":true,"href":"https:\/\/linitiative.ca\/International\/wp-json\/wp\/v2\/comments?post=139585"}],"version-history":[{"count":0,"href":"https:\/\/linitiative.ca\/International\/wp-json\/wp\/v2\/posts\/139585\/revisions"}],"wp:attachment":[{"href":"https:\/\/linitiative.ca\/International\/wp-json\/wp\/v2\/media?parent=139585"}],"wp:term":[{"taxonomy":"category","embeddable":true,"href":"https:\/\/linitiative.ca\/International\/wp-json\/wp\/v2\/categories?post=139585"},{"taxonomy":"post_tag","embeddable":true,"href":"https:\/\/linitiative.ca\/International\/wp-json\/wp\/v2\/tags?post=139585"}],"curies":[{"name":"wp","href":"https:\/\/api.w.org\/{rel}","templated":true}]}}