{"id":139587,"date":"2022-01-27T10:09:42","date_gmt":"2022-01-27T15:09:42","guid":{"rendered":"https:\/\/linitiative.ca\/International\/tourisme-un-redressement-progressif-selon-la-depf\/"},"modified":"2022-01-27T10:09:42","modified_gmt":"2022-01-27T15:09:42","slug":"tourisme-un-redressement-progressif-selon-la-depf","status":"publish","type":"post","link":"https:\/\/linitiative.ca\/International\/tourisme-un-redressement-progressif-selon-la-depf\/","title":{"rendered":"Tourisme. Un redressement progressif selon la DEPF"},"content":{"rendered":"<div><img decoding=\"async\" width=\"700\" height=\"400\" src=\"https:\/\/linitiative.ca\/International\/wp-content\/uploads\/sites\/23\/2022\/01\/touriste-marrakech.jpeg\" class=\"attachment-post-thumbnail size-post-thumbnail wp-post-image\" alt=\"\" loading=\"lazy\" srcset=\"https:\/\/linitiative.ca\/International\/wp-content\/uploads\/sites\/23\/2022\/01\/touriste-marrakech.jpeg 700w, https:\/\/www.challenge.ma\/wp-content\/uploads\/2021\/12\/touriste-marrakech-300x171.jpeg 300w, https:\/\/www.challenge.ma\/wp-content\/uploads\/2021\/12\/touriste-marrakech-360x206.jpeg 360w\" sizes=\"auto, (max-width: 700px) 100vw, 700px\" itemprop=\"image\">La Direction des \u00e9tudes et des pr\u00e9visions financi\u00e8res (DEPF) fait remarquer dans sa note de conjoncture de janvier 2022 que l\u2019activit\u00e9 touristique a connu un redressement progressif. Toutefois, la m\u00eame source pr\u00e9cise que le secteur reste perturb\u00e9 par la persistance de la crise sanitaire. \u00a0 \u00ab\u00a0Au troisi\u00e8me trimestre 2021, la<\/div>\n<p>Auteur: challenge<br \/>\n<a href=\"https:\/\/www.challenge.ma\/tourisme-un-redressement-progressif-selon-la-depf-231536\/\">Cliquez ici pour lire l&rsquo;article depuis sa source.<\/a><\/p>\n","protected":false},"excerpt":{"rendered":"<p>La Direction des \u00e9tudes et des pr\u00e9visions financi\u00e8res (DEPF) fait remarquer dans sa note de conjoncture de janvier 2022 que l\u2019activit\u00e9 touristique a connu un redressement progressif. Toutefois, la m\u00eame source pr\u00e9cise que le secteur reste perturb\u00e9 par la persistance de la crise sanitaire. \u00a0 \u00ab\u00a0Au troisi\u00e8me trimestre 2021, la Auteur: challenge Cliquez ici pour [&hellip;]<\/p>\n","protected":false},"author":1787,"featured_media":0,"comment_status":"closed","ping_status":"closed","sticky":false,"template":"","format":"standard","meta":{"fifu_image_url":"https:\/\/www.challenge.ma\/wp-content\/uploads\/2021\/12\/touriste-marrakech.jpeg","fifu_image_alt":"Tourisme. Un redressement progressif selon la DEPF","footnotes":""},"categories":[78,54],"tags":[],"class_list":["post-139587","post","type-post","status-publish","format-standard","hentry","category-economie","category-maroc"],"_links":{"self":[{"href":"https:\/\/linitiative.ca\/International\/wp-json\/wp\/v2\/posts\/139587","targetHints":{"allow":["GET"]}}],"collection":[{"href":"https:\/\/linitiative.ca\/International\/wp-json\/wp\/v2\/posts"}],"about":[{"href":"https:\/\/linitiative.ca\/International\/wp-json\/wp\/v2\/types\/post"}],"author":[{"embeddable":true,"href":"https:\/\/linitiative.ca\/International\/wp-json\/wp\/v2\/users\/1787"}],"replies":[{"embeddable":true,"href":"https:\/\/linitiative.ca\/International\/wp-json\/wp\/v2\/comments?post=139587"}],"version-history":[{"count":0,"href":"https:\/\/linitiative.ca\/International\/wp-json\/wp\/v2\/posts\/139587\/revisions"}],"wp:attachment":[{"href":"https:\/\/linitiative.ca\/International\/wp-json\/wp\/v2\/media?parent=139587"}],"wp:term":[{"taxonomy":"category","embeddable":true,"href":"https:\/\/linitiative.ca\/International\/wp-json\/wp\/v2\/categories?post=139587"},{"taxonomy":"post_tag","embeddable":true,"href":"https:\/\/linitiative.ca\/International\/wp-json\/wp\/v2\/tags?post=139587"}],"curies":[{"name":"wp","href":"https:\/\/api.w.org\/{rel}","templated":true}]}}