{"id":13959,"date":"2019-02-13T17:18:06","date_gmt":"2019-02-13T22:18:06","guid":{"rendered":"https:\/\/linitiative.ca\/International\/can-u20-2019-le-senegal-bat-lafrique-du-sud-et-se-qualifie-en-finale\/"},"modified":"2019-02-13T17:18:06","modified_gmt":"2019-02-13T22:18:06","slug":"can-u20-2019-le-senegal-bat-lafrique-du-sud-et-se-qualifie-en-finale","status":"publish","type":"post","link":"https:\/\/linitiative.ca\/International\/can-u20-2019-le-senegal-bat-lafrique-du-sud-et-se-qualifie-en-finale\/","title":{"rendered":"Can U20 2019 : le S\u00e9n\u00e9gal bat l\u2019Afrique du Sud et se qualifie en finale"},"content":{"rendered":"<div readability=\"32\">\n<p>Publi\u00e9 le 13.02.2019 \u00e0 23h18 par APA News<\/p>\n<\/div>\n<div readability=\"74\">\n<p>L\u2019\u00e9quipe nationale U20 du S\u00e9n\u00e9gal a obtenu sa place en finale de la Coupe d\u2019Afrique des Nations de cette cat\u00e9gorie en battant en demi-finale l\u2019Afrique du Sud sur le score d\u2019un but \u00e0 z\u00e9ro, mercredi soir \u00e0 Niamey (Niger).En premi\u00e8re p\u00e9riode, la ma\u00eetrise collective est s\u00e9n\u00e9galaise. Les Lionceaux monopolisent le ballon face \u00e0 des Sud-Africains qui ont opt\u00e9 pour le bloc bas. Durant le premier quart d\u2019heure, le jeu des poulains du coach Youssoupha Dabo est trop pr\u00e9visible pour d\u00e9stabiliser le syst\u00e8me ultra d\u00e9fensif de l\u2019adversaire. L\u2019unique action notable du S\u00e9n\u00e9gal est un tir lointain du milieu Faly Ndaw qui n\u2019accroche pas le cadre.<\/p>\n<p>Les minutes passent et les Lionceaux n\u2019y arrivent pas, manquant des passes par-ci, des contr\u00f4les par-l\u00e0. La construction du jeu est rendue difficile par l\u2019\u00e9tat d\u00e9sastreux de la pelouse naturelle du stade Seyni Kountch\u00e9 de Niamey. Malgr\u00e9 les bonnes intentions du S\u00e9n\u00e9gal, les deux \u00e9quipes rejoignent les vestiaires sur ce score de parit\u00e9.<\/p>\n<p>Dans le second acte, le S\u00e9n\u00e9gal use de longs ballons et du jeu en pivot de l\u2019avant-centre Youssoupha Badji pour faire la diff\u00e9rence. Sur l\u2019une de ces actions, le joueur du Casa Sports fait une remise de la t\u00eate dans l\u2019axe du but \u00e0 Faly Ndaw. La frappe vicieuse de ce dernier est repouss\u00e9e par le dernier rempart sud-africain. \u00a0<\/p>\n<p>Le S\u00e9n\u00e9gal sera finalement r\u00e9compens\u00e9 de tous ses efforts \u00e0 la 70\u00e8me minute. En mouvement sur le flanc gauche de la d\u00e9fense adverse, l\u2019ailier Ousseynou Niang conduit avec malice le cuir \u00e0 l\u2019int\u00e9rieur de la surface de r\u00e9paration, enrhume son vis-\u00e0-vis en encha\u00eenant des crochets int\u00e9rieur et ext\u00e9rieur puis centre du gauche. Voulant se d\u00e9gager, un d\u00e9fenseur sud-africain d\u00e9vie le ballon qui prend \u00e0 contre-pied son gardien. Les filets tremblent enfin (1-0).<\/p>\n<p><ins data-revive-zoneid=\"9\" data-revive-id=\"10111e19d28d19d031742ee3b0b33eb0\"\/> <\/p>\n<p>Les Lionceaux sont soulag\u00e9s par l\u2019ouverture du score et g\u00e8rent intelligemment la fin du match m\u00eame si les Sud-Africains ont failli \u00e9galiser dans le temps additionnel. En finale, le S\u00e9n\u00e9gal retrouvera le Mali qu\u2019il a battu au premier tour sur le score de deux buts \u00e0 z\u00e9ro.<\/p>\n<p>En effet, les Aiglons sont venus \u00e0 bout de l\u2019ogre Nigeria \u00e0 la s\u00e9ance fatidique des tirs au but (TAB 4-3). Au terme des prolongations, les deux formations s\u2019\u00e9taient neutralis\u00e9es (1-1). La finale entre S\u00e9n\u00e9gal et le Mali se jouera dimanche prochain \u00e0 Niamey. Dans cette comp\u00e9tition, le S\u00e9n\u00e9gal a d\u00e9j\u00e0 perdu deux finales. La premi\u00e8re \u00e0 domicile en 2015 face au Nigeria (1-0) et la seconde en 2017 face \u00e0 la Zambie (2-0). \u00a0<\/p>\n<\/div>\n<p>Auteur: APA News<br \/>\n<a href=\"https:\/\/www.journalducameroun.com\/can-u20-2019-le-senegal-bat-lafrique-du-sud-et-se-qualifie-en-finale\/\">Cliquez ici pour lire l&rsquo;article depuis sa source.<\/a><\/p>\n","protected":false},"excerpt":{"rendered":"<p>Publi\u00e9 le 13.02.2019 \u00e0 23h18 par APA News L\u2019\u00e9quipe nationale U20 du S\u00e9n\u00e9gal a obtenu sa place en finale de la Coupe d\u2019Afrique des Nations de cette cat\u00e9gorie en battant en demi-finale l\u2019Afrique du Sud sur le score d\u2019un but \u00e0 z\u00e9ro, mercredi soir \u00e0 Niamey (Niger).En premi\u00e8re p\u00e9riode, la ma\u00eetrise collective est s\u00e9n\u00e9galaise. Les [&hellip;]<\/p>\n","protected":false},"author":1965,"featured_media":0,"comment_status":"closed","ping_status":"closed","sticky":false,"template":"","format":"standard","meta":{"fifu_image_url":"","fifu_image_alt":"","footnotes":""},"categories":[73,82],"tags":[],"class_list":["post-13959","post","type-post","status-publish","format-standard","hentry","category-actualite","category-cameroun"],"_links":{"self":[{"href":"https:\/\/linitiative.ca\/International\/wp-json\/wp\/v2\/posts\/13959","targetHints":{"allow":["GET"]}}],"collection":[{"href":"https:\/\/linitiative.ca\/International\/wp-json\/wp\/v2\/posts"}],"about":[{"href":"https:\/\/linitiative.ca\/International\/wp-json\/wp\/v2\/types\/post"}],"author":[{"embeddable":true,"href":"https:\/\/linitiative.ca\/International\/wp-json\/wp\/v2\/users\/1965"}],"replies":[{"embeddable":true,"href":"https:\/\/linitiative.ca\/International\/wp-json\/wp\/v2\/comments?post=13959"}],"version-history":[{"count":0,"href":"https:\/\/linitiative.ca\/International\/wp-json\/wp\/v2\/posts\/13959\/revisions"}],"wp:attachment":[{"href":"https:\/\/linitiative.ca\/International\/wp-json\/wp\/v2\/media?parent=13959"}],"wp:term":[{"taxonomy":"category","embeddable":true,"href":"https:\/\/linitiative.ca\/International\/wp-json\/wp\/v2\/categories?post=13959"},{"taxonomy":"post_tag","embeddable":true,"href":"https:\/\/linitiative.ca\/International\/wp-json\/wp\/v2\/tags?post=13959"}],"curies":[{"name":"wp","href":"https:\/\/api.w.org\/{rel}","templated":true}]}}