{"id":139591,"date":"2022-01-27T11:12:05","date_gmt":"2022-01-27T16:12:05","guid":{"rendered":"https:\/\/linitiative.ca\/International\/madagascar-la-fondation-ocp-et-son-partenaire-cafpa-dedient-une-semaine-a-lenvironnement\/"},"modified":"2022-01-27T11:12:05","modified_gmt":"2022-01-27T16:12:05","slug":"madagascar-la-fondation-ocp-et-son-partenaire-cafpa-dedient-une-semaine-a-lenvironnement","status":"publish","type":"post","link":"https:\/\/linitiative.ca\/International\/madagascar-la-fondation-ocp-et-son-partenaire-cafpa-dedient-une-semaine-a-lenvironnement\/","title":{"rendered":"Madagascar. La Fondation OCP et son partenaire CAFPA d\u00e9dient une semaine \u00e0 l\u2019environnement"},"content":{"rendered":"<div><img decoding=\"async\" width=\"640\" height=\"360\" src=\"https:\/\/linitiative.ca\/International\/wp-content\/uploads\/sites\/23\/2022\/01\/Fondation-OCP.jpg\" class=\"attachment-post-thumbnail size-post-thumbnail wp-post-image\" alt=\"\" loading=\"lazy\" srcset=\"https:\/\/linitiative.ca\/International\/wp-content\/uploads\/sites\/23\/2022\/01\/Fondation-OCP.jpg 640w, https:\/\/www.challenge.ma\/wp-content\/uploads\/2022\/01\/Fondation-OCP-300x169.jpg 300w, https:\/\/www.challenge.ma\/wp-content\/uploads\/2022\/01\/Fondation-OCP-360x203.jpg 360w\" sizes=\"auto, (max-width: 640px) 100vw, 640px\" itemprop=\"image\">Se d\u00e9roulant dans le cadre du projet d\u2019appui au centre du CAFPA \u00e0 Antsirabe, l\u2019\u00e9v\u00e8nement avait pour objectif de renforcer les capacit\u00e9s techniques des cadres b\u00e9n\u00e9ficiaires et de les sensibiliser autour des th\u00e9matiques li\u00e9es \u00e0 la gestion et \u00e0 la pr\u00e9servation de la biodiversit\u00e9 locale. Ainsi, les formations organis\u00e9es ainsi<\/div>\n<p>Auteur: challenge<br \/>\n<a href=\"https:\/\/www.challenge.ma\/madagascar-la-fondation-ocp-et-son-partenaire-cafpa-dedient-une-semaine-a-lenvironnement-231545\/\">Cliquez ici pour lire l&rsquo;article depuis sa source.<\/a><\/p>\n","protected":false},"excerpt":{"rendered":"<p>Se d\u00e9roulant dans le cadre du projet d\u2019appui au centre du CAFPA \u00e0 Antsirabe, l\u2019\u00e9v\u00e8nement avait pour objectif de renforcer les capacit\u00e9s techniques des cadres b\u00e9n\u00e9ficiaires et de les sensibiliser autour des th\u00e9matiques li\u00e9es \u00e0 la gestion et \u00e0 la pr\u00e9servation de la biodiversit\u00e9 locale. Ainsi, les formations organis\u00e9es ainsi Auteur: challenge Cliquez ici pour [&hellip;]<\/p>\n","protected":false},"author":1787,"featured_media":0,"comment_status":"closed","ping_status":"closed","sticky":false,"template":"","format":"standard","meta":{"fifu_image_url":"https:\/\/www.challenge.ma\/wp-content\/uploads\/2022\/01\/Fondation-OCP.jpg","fifu_image_alt":"Madagascar. La Fondation OCP et son partenaire CAFPA d\u00e9dient une semaine \u00e0 l\u2019environnement","footnotes":""},"categories":[78,54],"tags":[],"class_list":["post-139591","post","type-post","status-publish","format-standard","hentry","category-economie","category-maroc"],"_links":{"self":[{"href":"https:\/\/linitiative.ca\/International\/wp-json\/wp\/v2\/posts\/139591","targetHints":{"allow":["GET"]}}],"collection":[{"href":"https:\/\/linitiative.ca\/International\/wp-json\/wp\/v2\/posts"}],"about":[{"href":"https:\/\/linitiative.ca\/International\/wp-json\/wp\/v2\/types\/post"}],"author":[{"embeddable":true,"href":"https:\/\/linitiative.ca\/International\/wp-json\/wp\/v2\/users\/1787"}],"replies":[{"embeddable":true,"href":"https:\/\/linitiative.ca\/International\/wp-json\/wp\/v2\/comments?post=139591"}],"version-history":[{"count":0,"href":"https:\/\/linitiative.ca\/International\/wp-json\/wp\/v2\/posts\/139591\/revisions"}],"wp:attachment":[{"href":"https:\/\/linitiative.ca\/International\/wp-json\/wp\/v2\/media?parent=139591"}],"wp:term":[{"taxonomy":"category","embeddable":true,"href":"https:\/\/linitiative.ca\/International\/wp-json\/wp\/v2\/categories?post=139591"},{"taxonomy":"post_tag","embeddable":true,"href":"https:\/\/linitiative.ca\/International\/wp-json\/wp\/v2\/tags?post=139591"}],"curies":[{"name":"wp","href":"https:\/\/api.w.org\/{rel}","templated":true}]}}