{"id":139593,"date":"2022-01-27T16:49:41","date_gmt":"2022-01-27T21:49:41","guid":{"rendered":"https:\/\/linitiative.ca\/International\/le-gouvernement-annonce-la-reouverture-de-lespace-aerien-a-partir-du-7-fevrier\/"},"modified":"2022-01-27T16:49:41","modified_gmt":"2022-01-27T21:49:41","slug":"le-gouvernement-annonce-la-reouverture-de-lespace-aerien-a-partir-du-7-fevrier","status":"publish","type":"post","link":"https:\/\/linitiative.ca\/International\/le-gouvernement-annonce-la-reouverture-de-lespace-aerien-a-partir-du-7-fevrier\/","title":{"rendered":"Le gouvernement annonce la r\u00e9ouverture de l\u2019espace a\u00e9rien \u00e0 partir du 7 F\u00e9vrier"},"content":{"rendered":"<div><img decoding=\"async\" width=\"1311\" height=\"814\" src=\"https:\/\/linitiative.ca\/International\/wp-content\/uploads\/sites\/23\/2022\/01\/aeroport-maroc.png\" class=\"attachment-post-thumbnail size-post-thumbnail wp-post-image\" alt=\"\" loading=\"lazy\" srcset=\"https:\/\/linitiative.ca\/International\/wp-content\/uploads\/sites\/23\/2022\/01\/aeroport-maroc.png 1311w, https:\/\/www.challenge.ma\/wp-content\/uploads\/2022\/01\/aeroport-maroc-300x186.png 300w, https:\/\/www.challenge.ma\/wp-content\/uploads\/2022\/01\/aeroport-maroc-1024x636.png 1024w, https:\/\/www.challenge.ma\/wp-content\/uploads\/2022\/01\/aeroport-maroc-768x477.png 768w, https:\/\/www.challenge.ma\/wp-content\/uploads\/2022\/01\/aeroport-maroc-650x404.png 650w, https:\/\/www.challenge.ma\/wp-content\/uploads\/2022\/01\/aeroport-maroc-360x224.png 360w, https:\/\/www.challenge.ma\/wp-content\/uploads\/2022\/01\/aeroport-maroc-750x466.png 750w\" sizes=\"auto, (max-width: 1311px) 100vw, 1311px\" itemprop=\"image\">Le gouvernement a d\u00e9cid\u00e9 de rouvrir l\u2019espace a\u00e9rien pour les vols \u00e0 destination et en provenance du Royaume du Maroc, \u00e0 partir du 7 f\u00e9vrier. Apr\u00e8s environ deux mois de fermeture des fronti\u00e8res a\u00e9riennes pour les vols \u00e0 destination du Maroc, le gouvernement vient d\u2019annoncer, via un communiqu\u00e9 de presse,<\/div>\n<p>Auteur: challenge<br \/>\n<a href=\"https:\/\/www.challenge.ma\/le-gouvernement-annonce-la-reouverture-de-lespace-aerien-a-partir-du-7-fevrier-231561\/\">Cliquez ici pour lire l&rsquo;article depuis sa source.<\/a><\/p>\n","protected":false},"excerpt":{"rendered":"<p>Le gouvernement a d\u00e9cid\u00e9 de rouvrir l\u2019espace a\u00e9rien pour les vols \u00e0 destination et en provenance du Royaume du Maroc, \u00e0 partir du 7 f\u00e9vrier. Apr\u00e8s environ deux mois de fermeture des fronti\u00e8res a\u00e9riennes pour les vols \u00e0 destination du Maroc, le gouvernement vient d\u2019annoncer, via un communiqu\u00e9 de presse, Auteur: challenge Cliquez ici pour [&hellip;]<\/p>\n","protected":false},"author":1787,"featured_media":0,"comment_status":"closed","ping_status":"closed","sticky":false,"template":"","format":"standard","meta":{"fifu_image_url":"https:\/\/www.challenge.ma\/wp-content\/uploads\/2022\/01\/aeroport-maroc.png","fifu_image_alt":"Le gouvernement annonce la r\u00e9ouverture de l\u2019espace a\u00e9rien \u00e0 partir du 7 F\u00e9vrier","footnotes":""},"categories":[78,54],"tags":[],"class_list":["post-139593","post","type-post","status-publish","format-standard","hentry","category-economie","category-maroc"],"_links":{"self":[{"href":"https:\/\/linitiative.ca\/International\/wp-json\/wp\/v2\/posts\/139593","targetHints":{"allow":["GET"]}}],"collection":[{"href":"https:\/\/linitiative.ca\/International\/wp-json\/wp\/v2\/posts"}],"about":[{"href":"https:\/\/linitiative.ca\/International\/wp-json\/wp\/v2\/types\/post"}],"author":[{"embeddable":true,"href":"https:\/\/linitiative.ca\/International\/wp-json\/wp\/v2\/users\/1787"}],"replies":[{"embeddable":true,"href":"https:\/\/linitiative.ca\/International\/wp-json\/wp\/v2\/comments?post=139593"}],"version-history":[{"count":0,"href":"https:\/\/linitiative.ca\/International\/wp-json\/wp\/v2\/posts\/139593\/revisions"}],"wp:attachment":[{"href":"https:\/\/linitiative.ca\/International\/wp-json\/wp\/v2\/media?parent=139593"}],"wp:term":[{"taxonomy":"category","embeddable":true,"href":"https:\/\/linitiative.ca\/International\/wp-json\/wp\/v2\/categories?post=139593"},{"taxonomy":"post_tag","embeddable":true,"href":"https:\/\/linitiative.ca\/International\/wp-json\/wp\/v2\/tags?post=139593"}],"curies":[{"name":"wp","href":"https:\/\/api.w.org\/{rel}","templated":true}]}}