{"id":139596,"date":"2022-01-27T14:31:09","date_gmt":"2022-01-27T19:31:09","guid":{"rendered":"https:\/\/linitiative.ca\/International\/tunisie-kais-saied-video-un-procureur-de-la-republique-a-assigne-un-terroriste-a-comparaitre-devant-le-tribunal-par-un-huissier-de-justice-voila-ou-nous-en-sommes\/"},"modified":"2022-01-27T14:31:09","modified_gmt":"2022-01-27T19:31:09","slug":"tunisie-kais-saied-video-un-procureur-de-la-republique-a-assigne-un-terroriste-a-comparaitre-devant-le-tribunal-par-un-huissier-de-justice-voila-ou-nous-en-sommes","status":"publish","type":"post","link":"https:\/\/linitiative.ca\/International\/tunisie-kais-saied-video-un-procureur-de-la-republique-a-assigne-un-terroriste-a-comparaitre-devant-le-tribunal-par-un-huissier-de-justice-voila-ou-nous-en-sommes\/","title":{"rendered":"Tunisie \u2013 Kais Saied [VIDEO] : \u00ab Un procureur de la R\u00e9publique a assign\u00e9 un terroriste \u00e0 comparaitre devant le tribunal par un huissier de justice, voil\u00e0 o\u00f9 nous en sommes! \u00bb"},"content":{"rendered":"<div>\n<p>Le pr\u00e9sident de la R\u00e9publique, Kais Saied a appel\u00e9 au cours du conseil minist\u00e9riel tenu ce jeudi soir 27 janvier 2022, le CSM \u00e0 appliquer la loi et \u00e0 respecter le devoir de r\u00e9serve. Le pr\u00e9sident de la R\u00e9publique a d\u00e9clar\u00e9 que le pouvoir judiciaire ne peut pas se transformer en l\u00e9gislateur. \u00abJe sais tr\u00e8s [\u2026]<\/p>\n<p>L\u2019article <a href=\"https:\/\/www.tunisienumerique.com\/tunisie-kais-saied-video-le-procureur-de-la-republique-a-assigne-un-terroriste-a-comparaitre-devant-le-tribunal-par-un-huissier-de-justice-voila-ou-nous-en-sommes\/\">Tunisie \u2013 Kais Saied [VIDEO] : \u00ab Un procureur de la R\u00e9publique a assign\u00e9 un terroriste \u00e0 comparaitre devant le tribunal par un huissier de justice, voil\u00e0 o\u00f9 nous en sommes! \u00bb<\/a> est apparu en premier sur <a href=\"https:\/\/www.tunisienumerique.com\/\">Tunisie<\/a>.<\/p>\n<\/div>\n<p>Auteur: rania ben slimane<br \/>\n<a href=\"https:\/\/www.tunisienumerique.com\/tunisie-kais-saied-video-le-procureur-de-la-republique-a-assigne-un-terroriste-a-comparaitre-devant-le-tribunal-par-un-huissier-de-justice-voila-ou-nous-en-sommes\/\">Cliquez ici pour lire l&rsquo;article depuis sa source.<\/a><\/p>\n","protected":false},"excerpt":{"rendered":"<p>Le pr\u00e9sident de la R\u00e9publique, Kais Saied a appel\u00e9 au cours du conseil minist\u00e9riel tenu ce jeudi soir 27 janvier 2022, le CSM \u00e0 appliquer la loi et \u00e0 respecter le devoir de r\u00e9serve. Le pr\u00e9sident de la R\u00e9publique a d\u00e9clar\u00e9 que le pouvoir judiciaire ne peut pas se transformer en l\u00e9gislateur. \u00abJe sais tr\u00e8s [&hellip;]<\/p>\n","protected":false},"author":1789,"featured_media":0,"comment_status":"closed","ping_status":"closed","sticky":false,"template":"","format":"standard","meta":{"fifu_image_url":"","fifu_image_alt":"","footnotes":""},"categories":[73,55],"tags":[],"class_list":["post-139596","post","type-post","status-publish","format-standard","hentry","category-actualite","category-tunisie"],"_links":{"self":[{"href":"https:\/\/linitiative.ca\/International\/wp-json\/wp\/v2\/posts\/139596","targetHints":{"allow":["GET"]}}],"collection":[{"href":"https:\/\/linitiative.ca\/International\/wp-json\/wp\/v2\/posts"}],"about":[{"href":"https:\/\/linitiative.ca\/International\/wp-json\/wp\/v2\/types\/post"}],"author":[{"embeddable":true,"href":"https:\/\/linitiative.ca\/International\/wp-json\/wp\/v2\/users\/1789"}],"replies":[{"embeddable":true,"href":"https:\/\/linitiative.ca\/International\/wp-json\/wp\/v2\/comments?post=139596"}],"version-history":[{"count":0,"href":"https:\/\/linitiative.ca\/International\/wp-json\/wp\/v2\/posts\/139596\/revisions"}],"wp:attachment":[{"href":"https:\/\/linitiative.ca\/International\/wp-json\/wp\/v2\/media?parent=139596"}],"wp:term":[{"taxonomy":"category","embeddable":true,"href":"https:\/\/linitiative.ca\/International\/wp-json\/wp\/v2\/categories?post=139596"},{"taxonomy":"post_tag","embeddable":true,"href":"https:\/\/linitiative.ca\/International\/wp-json\/wp\/v2\/tags?post=139596"}],"curies":[{"name":"wp","href":"https:\/\/api.w.org\/{rel}","templated":true}]}}