{"id":13960,"date":"2019-02-13T17:18:07","date_gmt":"2019-02-13T22:18:07","guid":{"rendered":"https:\/\/linitiative.ca\/International\/lancement-de-la-nouvelle-saison-culturelle-en-cote-divoire\/"},"modified":"2019-02-13T17:18:07","modified_gmt":"2019-02-13T22:18:07","slug":"lancement-de-la-nouvelle-saison-culturelle-en-cote-divoire","status":"publish","type":"post","link":"https:\/\/linitiative.ca\/International\/lancement-de-la-nouvelle-saison-culturelle-en-cote-divoire\/","title":{"rendered":"Lancement de la nouvelle saison culturelle en C\u00f4te d\u2019Ivoire"},"content":{"rendered":"<div readability=\"32\">\n<p>Publi\u00e9 le 13.02.2019 \u00e0 23h18 par APA News<\/p>\n<\/div>\n<div readability=\"82\">\n<p>La rentr\u00e9e culturelle 2019 a \u00e9t\u00e9 officiellement lanc\u00e9e, mercredi \u00e0 Abidjan, au cours d\u2019une c\u00e9r\u00e9monie festive qui a r\u00e9uni les acteurs et op\u00e9rateurs culturels ivoiriens, a constat\u00e9 APA sur place.Au cours de cette rencontre, Maurice \u00a0Kouakou Bandaman, le ministre ivoirien de la Culturel et de la Francophonie a invit\u00e9 la famille culturelle ivoirienne \u00e0 la coh\u00e9sion et \u00e0 travailler de concert avec son d\u00e9partement minist\u00e9riel \u00ab pour faire avancer les choses\u00bb.<\/p>\n<p>\u00a0\u00ab J\u2019invite la famille culturelle de notre pays, les artistes \u00e0 la coh\u00e9sion. Les n\u00e9gociations avec les consommateurs culturels vont permettre aux artistes de vivre de mieux en mieux. Nous travaillons \u00e0 renforcer les acquis. Aujourd\u2019hui, nous pouvons rassurer les artistes qu\u2019au-del\u00e0 des attaques et des critiques, qu\u2019il faut travailler ensemble pour faire avancer les choses\u00bb, a plaid\u00e9 M. Bandaman dans un discours d\u2019orientation de cette nouvelle saison culturelle du pays.<\/p>\n<p>\u00a0Selon lui, son d\u00e9partement minist\u00e9riel \u00ab avance \u00bb et les r\u00e9sultats positifs \u00ab sont nombreux \u00bb. Au nombre de ces bons points enregistr\u00e9s par son minist\u00e8re, il a entre autres fait savoir que la C\u00f4te d\u2019Ivoire est class\u00e9e dans le top 5 des pays africains ayant une promotion culturelle dynamique.<\/p>\n<p>\u00a0\u00ab Nous sommes envi\u00e9s et respect\u00e9s. Soyez donc patients \u00bb, a-t-il conseill\u00e9 \u00e0 la famille culturelle ivoirienne assurant dans la foul\u00e9e, de la \u00ab mise en \u0153uvre effective de la copie priv\u00e9e \u00bb en cette ann\u00e9e 2019.<\/p>\n<p><ins data-revive-zoneid=\"9\" data-revive-id=\"10111e19d28d19d031742ee3b0b33eb0\"\/> <\/p>\n<p>Auparavant M. Bandaman, a rappel\u00e9 aux artistes la n\u00e9cessit\u00e9 \u00ab d\u2019\u00e9pargner et investir \u00bb leurs ressources financi\u00e8res afin de garantir leur retraite.<\/p>\n<p>Avant lui, Ass\u00e9 Alexandre et Fausseni Demb\u00e9l\u00e9, respectivement, porte-parole des acteurs culturels et ex-directeur de cabinet du minist\u00e8re de la culture (nomm\u00e9 directeur g\u00e9n\u00e9ral de la Radiodiffusion t\u00e9l\u00e9vision ivoirienne), ont salu\u00e9 les qualit\u00e9s manag\u00e9riales de M. Bandaman \u00e0 la t\u00eate du minist\u00e8re de la Culture et de la Francophonie.<\/p>\n<p>\u00a0\u00ab Nous les acteurs, nous vous assurons de notre disponibilit\u00e9 \u00e0 vous soutenir pour vos futures actions\u00bb, a assur\u00e9 M. Ass\u00e9 au ministre. Dix-sept personnalit\u00e9s culturelles ont \u00e9t\u00e9 distingu\u00e9es lors de cette c\u00e9r\u00e9monie dans l\u2019ordre du m\u00e9rite culturel ivoirien dont l\u2019artiste-chanteur DJ Arafat \u00e9lev\u00e9 au grade d\u2019officier de l\u2019ordre du m\u00e9rite culturel.<\/p>\n<\/div>\n<p>Auteur: APA News<br \/>\n<a href=\"https:\/\/www.journalducameroun.com\/lancement-de-la-nouvelle-saison-culturelle-en-cote-divoire\/\">Cliquez ici pour lire l&rsquo;article depuis sa source.<\/a><\/p>\n","protected":false},"excerpt":{"rendered":"<p>Publi\u00e9 le 13.02.2019 \u00e0 23h18 par APA News La rentr\u00e9e culturelle 2019 a \u00e9t\u00e9 officiellement lanc\u00e9e, mercredi \u00e0 Abidjan, au cours d\u2019une c\u00e9r\u00e9monie festive qui a r\u00e9uni les acteurs et op\u00e9rateurs culturels ivoiriens, a constat\u00e9 APA sur place.Au cours de cette rencontre, Maurice \u00a0Kouakou Bandaman, le ministre ivoirien de la Culturel et de la Francophonie [&hellip;]<\/p>\n","protected":false},"author":1965,"featured_media":0,"comment_status":"closed","ping_status":"closed","sticky":false,"template":"","format":"standard","meta":{"fifu_image_url":"","fifu_image_alt":"","footnotes":""},"categories":[73,82],"tags":[],"class_list":["post-13960","post","type-post","status-publish","format-standard","hentry","category-actualite","category-cameroun"],"_links":{"self":[{"href":"https:\/\/linitiative.ca\/International\/wp-json\/wp\/v2\/posts\/13960","targetHints":{"allow":["GET"]}}],"collection":[{"href":"https:\/\/linitiative.ca\/International\/wp-json\/wp\/v2\/posts"}],"about":[{"href":"https:\/\/linitiative.ca\/International\/wp-json\/wp\/v2\/types\/post"}],"author":[{"embeddable":true,"href":"https:\/\/linitiative.ca\/International\/wp-json\/wp\/v2\/users\/1965"}],"replies":[{"embeddable":true,"href":"https:\/\/linitiative.ca\/International\/wp-json\/wp\/v2\/comments?post=13960"}],"version-history":[{"count":0,"href":"https:\/\/linitiative.ca\/International\/wp-json\/wp\/v2\/posts\/13960\/revisions"}],"wp:attachment":[{"href":"https:\/\/linitiative.ca\/International\/wp-json\/wp\/v2\/media?parent=13960"}],"wp:term":[{"taxonomy":"category","embeddable":true,"href":"https:\/\/linitiative.ca\/International\/wp-json\/wp\/v2\/categories?post=13960"},{"taxonomy":"post_tag","embeddable":true,"href":"https:\/\/linitiative.ca\/International\/wp-json\/wp\/v2\/tags?post=13960"}],"curies":[{"name":"wp","href":"https:\/\/api.w.org\/{rel}","templated":true}]}}