{"id":139600,"date":"2022-01-27T13:51:00","date_gmt":"2022-01-27T18:51:00","guid":{"rendered":"https:\/\/linitiative.ca\/International\/can-cameroun-2021-une-competition-beaucoup-de-surprises\/"},"modified":"2022-01-27T13:51:00","modified_gmt":"2022-01-27T18:51:00","slug":"can-cameroun-2021-une-competition-beaucoup-de-surprises","status":"publish","type":"post","link":"https:\/\/linitiative.ca\/International\/can-cameroun-2021-une-competition-beaucoup-de-surprises\/","title":{"rendered":"CAN  CAMEROUN  2021: Une comp\u00e9tition, beaucoup de surprises"},"content":{"rendered":"<div>\n<p><img decoding=\"async\" width=\"1080\" height=\"720\" src=\"https:\/\/linitiative.ca\/International\/wp-content\/uploads\/sites\/23\/2022\/01\/WhatsApp-Image-2022-01-13-at-04.22.32-1-2.jpeg\" class=\"attachment- size- wp-post-image\" alt=\"\" loading=\"lazy\" style=\"float:left; margin:0 15px 15px 0;\" srcset=\"https:\/\/linitiative.ca\/International\/wp-content\/uploads\/sites\/23\/2022\/01\/WhatsApp-Image-2022-01-13-at-04.22.32-1-2.jpeg 1080w, https:\/\/lepays.bf\/wp-content\/uploads\/2022\/01\/WhatsApp-Image-2022-01-13-at-04.22.32-1-2-300x200.jpeg 300w, https:\/\/lepays.bf\/wp-content\/uploads\/2022\/01\/WhatsApp-Image-2022-01-13-at-04.22.32-1-2-1024x683.jpeg 1024w, https:\/\/lepays.bf\/wp-content\/uploads\/2022\/01\/WhatsApp-Image-2022-01-13-at-04.22.32-1-2-768x512.jpeg 768w\" sizes=\"auto, (max-width: 1080px) 100vw, 1080px\">D\u00e9but\u00e9e le 9 janvier 2022, la Coupe d\u2019Afrique\u00a0 des nations (CAN) 2021\u00a0 se d\u00e9roule all\u00e8grement \u00a0au Cameroun, \u00a0le pays de Paul Biya, \u00a0malgr\u00e9 les menaces re\u00e7ues par les autorit\u00e9s,\u00a0 avant l\u2019entame de la comp\u00e9tition, de la part des groupes arm\u00e9es s\u00e9cessionnistes\u00a0 qui r\u00e9clament l\u2019ind\u00e9pendance de deux r\u00e9gions de l\u2019Ouest, habit\u00e9es principalement par la minorit\u00e9 anglophone. \u2026<\/p>\n<p>L\u2019article <a rel=\"nofollow\" href=\"https:\/\/lepays.bf\/can-cameroun-2021-une-competition-beaucoup-de-surprises\/\">CAN  CAMEROUN  2021: Une comp\u00e9tition, beaucoup de surprises<\/a> est apparu en premier sur <a rel=\"nofollow\" href=\"https:\/\/lepays.bf\/\">Editions Le Pays<\/a>.<\/p>\n<\/div>\n<p>Auteur: Editions LEPAYS<br \/>\n<a href=\"https:\/\/lepays.bf\/can-cameroun-2021-une-competition-beaucoup-de-surprises\/\">Cliquez ici pour lire l&rsquo;article depuis sa source.<\/a><\/p>\n","protected":false},"excerpt":{"rendered":"<p>D\u00e9but\u00e9e le 9 janvier 2022, la Coupe d\u2019Afrique\u00a0 des nations (CAN) 2021\u00a0 se d\u00e9roule all\u00e8grement \u00a0au Cameroun, \u00a0le pays de Paul Biya, \u00a0malgr\u00e9 les menaces re\u00e7ues par les autorit\u00e9s,\u00a0 avant l\u2019entame de la comp\u00e9tition, de la part des groupes arm\u00e9es s\u00e9cessionnistes\u00a0 qui r\u00e9clament l\u2019ind\u00e9pendance de deux r\u00e9gions de l\u2019Ouest, habit\u00e9es principalement par la minorit\u00e9 anglophone. [&hellip;]<\/p>\n","protected":false},"author":1813,"featured_media":0,"comment_status":"closed","ping_status":"closed","sticky":false,"template":"","format":"standard","meta":{"fifu_image_url":"https:\/\/lepays.bf\/wp-content\/uploads\/2022\/01\/WhatsApp-Image-2022-01-13-at-04.22.32-1-2.jpeg","fifu_image_alt":"CAN  CAMEROUN  2021: Une comp\u00e9tition, beaucoup de surprises","footnotes":""},"categories":[73,81],"tags":[],"class_list":["post-139600","post","type-post","status-publish","format-standard","hentry","category-actualite","category-burkina-faso"],"_links":{"self":[{"href":"https:\/\/linitiative.ca\/International\/wp-json\/wp\/v2\/posts\/139600","targetHints":{"allow":["GET"]}}],"collection":[{"href":"https:\/\/linitiative.ca\/International\/wp-json\/wp\/v2\/posts"}],"about":[{"href":"https:\/\/linitiative.ca\/International\/wp-json\/wp\/v2\/types\/post"}],"author":[{"embeddable":true,"href":"https:\/\/linitiative.ca\/International\/wp-json\/wp\/v2\/users\/1813"}],"replies":[{"embeddable":true,"href":"https:\/\/linitiative.ca\/International\/wp-json\/wp\/v2\/comments?post=139600"}],"version-history":[{"count":0,"href":"https:\/\/linitiative.ca\/International\/wp-json\/wp\/v2\/posts\/139600\/revisions"}],"wp:attachment":[{"href":"https:\/\/linitiative.ca\/International\/wp-json\/wp\/v2\/media?parent=139600"}],"wp:term":[{"taxonomy":"category","embeddable":true,"href":"https:\/\/linitiative.ca\/International\/wp-json\/wp\/v2\/categories?post=139600"},{"taxonomy":"post_tag","embeddable":true,"href":"https:\/\/linitiative.ca\/International\/wp-json\/wp\/v2\/tags?post=139600"}],"curies":[{"name":"wp","href":"https:\/\/api.w.org\/{rel}","templated":true}]}}