{"id":13961,"date":"2019-02-13T17:50:01","date_gmt":"2019-02-13T22:50:01","guid":{"rendered":"https:\/\/linitiative.ca\/International\/liran-devrait-pouvoir-recuperer-ses-actifs-geles-aux-etats-unis\/"},"modified":"2019-02-13T17:50:01","modified_gmt":"2019-02-13T22:50:01","slug":"liran-devrait-pouvoir-recuperer-ses-actifs-geles-aux-etats-unis","status":"publish","type":"post","link":"https:\/\/linitiative.ca\/International\/liran-devrait-pouvoir-recuperer-ses-actifs-geles-aux-etats-unis\/","title":{"rendered":"L\u2019Iran devrait pouvoir r\u00e9cup\u00e9rer ses actifs gel\u00e9s aux \u00c9tats-Unis"},"content":{"rendered":"<div readability=\"32\">\n<p>Publi\u00e9 le 13.02.2019 \u00e0 23h50 par AFP<\/p>\n<\/div>\n<div readability=\"77\">\n<p>La Cour internationale de Justice (CIJ) a jug\u00e9 mercredi recevable la demande de l\u2019Iran en vue de r\u00e9cup\u00e9rer des milliards de dollars d\u2019avoirs gel\u00e9s aux Etats-Unis, qui souhaitent que ces fonds aillent aux victimes d\u2019attaques attribu\u00e9es \u00e0 T\u00e9h\u00e9ran.<\/p>\n<p>Les juges ont rejet\u00e9 la requ\u00eate am\u00e9ricaine pour obtenir un rejet de la demande iranienne. Washington arguait que l\u2019Iran avait les \u00ab\u00a0mains sales\u00a0\u00bb au vu de ses liens pr\u00e9sum\u00e9s avec le terrorisme et que la CIJ n\u2019\u00e9tait pas comp\u00e9tente dans cette affaire.<\/p>\n<p>La cour organisera d\u2019autres audiences pour d\u00e9cider si l\u2019Iran peut effectivement r\u00e9cup\u00e9rer les 2 milliards de dollars gel\u00e9s par la Cour supr\u00eame des \u00c9tats-Unis en 2016.<\/p>\n<p>\u00ab\u00a0La Cour, \u00e0 l\u2019unanimit\u00e9, rejette la premi\u00e8re exception pr\u00e9liminaire d\u2019incomp\u00e9tence soulev\u00e9e par les Etats-Unis d\u2019Am\u00e9rique\u00a0\u00bb, a d\u00e9clar\u00e9 le juge pr\u00e9sident Abdulqawi Ahmed Yusuf. La CIJ \u00ab\u00a0estime \u00e9galement qu\u2019elle est comp\u00e9tente\u00a0\u00bb pour statuer sur l\u2019affaire.<\/p>\n<p>La R\u00e9publique islamique avait engag\u00e9 cette proc\u00e9dure contre les Etats-Unis devant la CIJ en juin 2016 afin d\u2019obtenir le d\u00e9blocage des fonds gel\u00e9s.<\/p>\n<p>Dans sa plainte, T\u00e9h\u00e9ran fait valoir que Washington a viol\u00e9 un trait\u00e9 bilat\u00e9ral sign\u00e9 en 1955 par le shah d\u2019Iran avec le gouvernement am\u00e9ricain, portant sur les relations \u00e9conomiques et les droits consulaires.<\/p>\n<p><ins data-revive-zoneid=\"9\" data-revive-id=\"10111e19d28d19d031742ee3b0b33eb0\"\/> <\/p>\n<p>Cette d\u00e9cision pourrait entra\u00eener un regain de tensions entre les deux pays, qui n\u2019entretiennent plus de relations diplomatiques depuis 1980.<\/p>\n<p>En avril 2016, la Cour supr\u00eame am\u00e9ricaine avait autoris\u00e9 la saisie de pr\u00e8s de deux milliards de dollars provenant de fonds iraniens gel\u00e9s \u00e0 New York et correspondant \u00e0 des obligations dans lesquelles avait investi la banque centrale d\u2019Iran.<\/p>\n<p>Des tribunaux aux Etats-Unis avaient d\u00e9cid\u00e9 que ces sommes devaient \u00eatre bloqu\u00e9es pour indemniser des Am\u00e9ricains victimes d\u2019attaques terroristes, une d\u00e9marche jug\u00e9e ill\u00e9gale par l\u2019Iran.<\/p>\n<p>Ces fonds \u00e9taient r\u00e9clam\u00e9s par un millier de victimes et familles de victimes d\u2019attentats foment\u00e9s ou soutenus par T\u00e9h\u00e9ran, selon la justice am\u00e9ricaine. Parmi eux figurent notamment les proches des 241 soldats am\u00e9ricains tu\u00e9s le 23 octobre 1983 dans deux attentats suicide qui avaient frapp\u00e9 les contingents am\u00e9ricain et fran\u00e7ais de la Force multinationale de s\u00e9curit\u00e9 \u00e0 Beyrouth.<\/p>\n<\/div>\n<p>Auteur: AFP<br \/>\n<a href=\"https:\/\/www.journalducameroun.com\/liran-devrait-pouvoir-recuperer-ses-actifs-geles-aux-etats-unis\/\">Cliquez ici pour lire l&rsquo;article depuis sa source.<\/a><\/p>\n","protected":false},"excerpt":{"rendered":"<p>Publi\u00e9 le 13.02.2019 \u00e0 23h50 par AFP La Cour internationale de Justice (CIJ) a jug\u00e9 mercredi recevable la demande de l\u2019Iran en vue de r\u00e9cup\u00e9rer des milliards de dollars d\u2019avoirs gel\u00e9s aux Etats-Unis, qui souhaitent que ces fonds aillent aux victimes d\u2019attaques attribu\u00e9es \u00e0 T\u00e9h\u00e9ran. Les juges ont rejet\u00e9 la requ\u00eate am\u00e9ricaine pour obtenir un [&hellip;]<\/p>\n","protected":false},"author":1965,"featured_media":0,"comment_status":"closed","ping_status":"closed","sticky":false,"template":"","format":"standard","meta":{"fifu_image_url":"","fifu_image_alt":"","footnotes":""},"categories":[73,82],"tags":[],"class_list":["post-13961","post","type-post","status-publish","format-standard","hentry","category-actualite","category-cameroun"],"_links":{"self":[{"href":"https:\/\/linitiative.ca\/International\/wp-json\/wp\/v2\/posts\/13961","targetHints":{"allow":["GET"]}}],"collection":[{"href":"https:\/\/linitiative.ca\/International\/wp-json\/wp\/v2\/posts"}],"about":[{"href":"https:\/\/linitiative.ca\/International\/wp-json\/wp\/v2\/types\/post"}],"author":[{"embeddable":true,"href":"https:\/\/linitiative.ca\/International\/wp-json\/wp\/v2\/users\/1965"}],"replies":[{"embeddable":true,"href":"https:\/\/linitiative.ca\/International\/wp-json\/wp\/v2\/comments?post=13961"}],"version-history":[{"count":0,"href":"https:\/\/linitiative.ca\/International\/wp-json\/wp\/v2\/posts\/13961\/revisions"}],"wp:attachment":[{"href":"https:\/\/linitiative.ca\/International\/wp-json\/wp\/v2\/media?parent=13961"}],"wp:term":[{"taxonomy":"category","embeddable":true,"href":"https:\/\/linitiative.ca\/International\/wp-json\/wp\/v2\/categories?post=13961"},{"taxonomy":"post_tag","embeddable":true,"href":"https:\/\/linitiative.ca\/International\/wp-json\/wp\/v2\/tags?post=13961"}],"curies":[{"name":"wp","href":"https:\/\/api.w.org\/{rel}","templated":true}]}}