{"id":139611,"date":"2022-01-27T11:18:03","date_gmt":"2022-01-27T16:18:03","guid":{"rendered":"https:\/\/linitiative.ca\/International\/logement-une-convention-de-location-vente-au-profit-des-journalistes-ivoiriens\/"},"modified":"2022-01-27T11:18:03","modified_gmt":"2022-01-27T16:18:03","slug":"logement-une-convention-de-location-vente-au-profit-des-journalistes-ivoiriens","status":"publish","type":"post","link":"https:\/\/linitiative.ca\/International\/logement-une-convention-de-location-vente-au-profit-des-journalistes-ivoiriens\/","title":{"rendered":"Logement: une convention de location-vente au profit des journalistes ivoiriens"},"content":{"rendered":"<div>\n<p><img decoding=\"async\" width=\"800\" height=\"533\" src=\"https:\/\/linitiative.ca\/International\/wp-content\/uploads\/sites\/23\/2022\/01\/16433002838630.jpg\" class=\"attachment-post-thumbnail size-post-thumbnail wp-post-image\" alt=\"\" loading=\"lazy\" srcset=\"https:\/\/linitiative.ca\/International\/wp-content\/uploads\/sites\/23\/2022\/01\/16433002838630.jpg 800w, https:\/\/www.journalducameroun.com\/wp-content\/uploads\/2022\/01\/16433002838630-300x200.jpg 300w, https:\/\/www.journalducameroun.com\/wp-content\/uploads\/2022\/01\/16433002838630-768x512.jpg 768w, https:\/\/www.journalducameroun.com\/wp-content\/uploads\/2022\/01\/16433002838630-660x440.jpg 660w, https:\/\/www.journalducameroun.com\/wp-content\/uploads\/2022\/01\/16433002838630-600x400.jpg 600w\" sizes=\"auto, (max-width: 800px) 100vw, 800px\"><\/p>\n<p>L&rsquo;Union nationales des journalistes de C\u00f4te d&rsquo;Ivoire (Unjci) a sign\u00e9 mercredi, \u00e0 Abidjan, une convention de location-vente de logements avec Bonus expertises, une entreprise de promotion immobili\u00e8re, au profit des journalistes ivoiriens.<\/p>\n<p>Le protocole de la convention a \u00e9t\u00e9 paraph\u00e9, \u00e0 la Maison de la presse d&rsquo;Abidjan, avec le pr\u00e9sident de l&rsquo;Unjci, Jean-Claude Coulibaly, d&rsquo;une part et d&rsquo;autre part, le directeur g\u00e9n\u00e9ral de la soci\u00e9t\u00e9 de promotion immobili\u00e8re, Bonus expertises, M. Patrice Yotcho.\u00a0<\/p>\n<p>Expliquant le processus de location-accession-acquisition dit location-vente, M.\u00a0Patrice Yotcho, le directeur g\u00e9n\u00e9ral de Bonus expertises, a indiqu\u00e9 que cela fonctionne sur la base d&rsquo;une \u00ab\u00a0caution solidaire\u00a0\u00bb. \u00a0<\/p>\n<p>La caution solidaire, soulignera-t-il, repr\u00e9sente l&rsquo;ensemble des loyers qui sont pay\u00e9s par avance, \u00e9galement appel\u00e9 \u00ab\u00a0apport initial\u00a0\u00bb. Il s&rsquo;agit notamment \u00ab\u00a0des loyers repr\u00e9sentant 24 mois\u00a0\u00bb qui constitueront cette caution solidaire. \u00a0<\/p>\n<p>\u00ab\u00a0Une fois que cette caution solidaire est pay\u00e9e, on devient \u00e9ligible au programme, on a plus rien \u00e0 payer jusqu&rsquo;\u00e0 obtenir ses cl\u00e9s et apr\u00e8s, on paie ses loyers pendant 168 mois pour devenir propri\u00e9taire du logement\u00a0\u00bb, a-t-il ajout\u00e9. \u00a0<\/p>\n<p>M. Yotcho a fait savoir que ce sont des logements en appartements de trois et quatre pi\u00e8ces, en maison basse de quatre pi\u00e8ces et cinq pi\u00e8ces, et des logements duplex, qui seront construites dans la zone d&rsquo;Azagui\u00e9, dans la p\u00e9riph\u00e9rie d&rsquo;Abidjan.\u00a0<\/p>\n<p>\u00ab\u00a0\u00c0 la base, nous avons conclu avec l&rsquo;Unjci pour 200 journalistes, mais nous avons une offre qui d\u00e9passe largement les 200, puisqu&rsquo;on a une assiette fonci\u00e8re qui peut accueillir 5.000 personnes\u00a0\u00bb, a-t-il rassur\u00e9. \u00a0<\/p>\n<p>Cette op\u00e9ration a lieu dans \u00ab\u00a0un systeme de mutualisation de ressources qui permet de payer une caution, d&rsquo;acc\u00e9der au logement et payer un loyer mensuel sur une p\u00e9riode de 14 ans, a mentionn\u00e9 M. Yotcho.\u00a0<\/p>\n<p>\u00ab\u00a0L&rsquo;avantage de ce processus, c&rsquo;est qu&rsquo;il permet de payer des loyers qui sont constants, qui n&rsquo;augmentent pas et qui sont conformes \u00e0 ce que la plupart des personnes qui sont en location aujourd&rsquo;hui ont l&rsquo;habitude de payer\u00a0\u00bb, a-t-il rench\u00e9ri.\u00a0<\/p>\n<p>\u00c0 la diff\u00e9rence d&rsquo;un locataire, \u00e0 la fin du processus, ces logements vont revenir aux souscripteurs et donc c&rsquo;est une \u00ab\u00a0offre sociale qui permet \u00e0 la plupart des journalistes aujourd&rsquo;hui d&rsquo;acc\u00e9der \u00e0 la propri\u00e9t\u00e9 immobili\u00e8re\u00a0\u00bb, a-t-il poursuivi. \u00a0<\/p>\n<p>Pour sa part, le president de l&rsquo;Unjci, Jean-Claude Coulibaly, a soutenu que \u00ab\u00a0cette offre permet d&rsquo;\u00eatre propri\u00e9taire d&rsquo;une maison dans le cadre d&rsquo;une location-vente\u00a0\u00bb, estimant que \u00ab\u00a0c&rsquo;est une bonne chose quand on sait que sur le terrain, il y a une surench\u00e8re des prix des maisons\u00a0\u00bb.<\/p>\n<p>Une flexibilit\u00e9 est par ailleurs offerte dans l&rsquo;acquisition de ces maisons suite \u00e0 des n\u00e9gociations avec l&rsquo;op\u00e9rateur immobilier, a relev\u00e9 le pr\u00e9sident de l&rsquo;Unjci, rassurant de son c\u00f4t\u00e9 que \u00ab\u00a0c&rsquo;est une op\u00e9ration qui est taill\u00e9e sur mesure\u00a0\u00bb.<\/p>\n<p>\u00ab\u00a0Apr\u00e8s cette signature, nous allons aller sur le terrain pour visiter les diff\u00e9rentes plates-formes. Ils sont d\u00e9j\u00e0 \u00e0 un certain niveau de construction des maisons\u00a0\u00bb, a-t-il annonc\u00e9, tout en invitant les journalistes \u00e0 y souscrire afin de rentrer dans l&rsquo;op\u00e9ration pour ne pas avoir des regrets demain.\u00a0<\/p>\n<p>Cet article <a rel=\"nofollow\" href=\"https:\/\/www.journalducameroun.com\/logement-une-convention-de-location-vente-au-profit-des-journalistes-ivoiriens\/\">Logement: une convention de location-vente au profit des journalistes ivoiriens<\/a> est apparu en premier sur <a rel=\"nofollow\" href=\"https:\/\/www.journalducameroun.com\/\">Journal du Cameroun<\/a>.<\/p>\n<\/div>\n<p>Auteur: APA News<br \/>\n<a href=\"https:\/\/www.journalducameroun.com\/logement-une-convention-de-location-vente-au-profit-des-journalistes-ivoiriens\/\">Cliquez ici pour lire l&rsquo;article depuis sa source.<\/a><\/p>\n","protected":false},"excerpt":{"rendered":"<p>L&rsquo;Union nationales des journalistes de C\u00f4te d&rsquo;Ivoire (Unjci) a sign\u00e9 mercredi, \u00e0 Abidjan, une convention de location-vente de logements avec Bonus expertises, une entreprise de promotion immobili\u00e8re, au profit des journalistes ivoiriens. Le protocole de la convention a \u00e9t\u00e9 paraph\u00e9, \u00e0 la Maison de la presse d&rsquo;Abidjan, avec le pr\u00e9sident de l&rsquo;Unjci, Jean-Claude Coulibaly, d&rsquo;une [&hellip;]<\/p>\n","protected":false},"author":1965,"featured_media":0,"comment_status":"closed","ping_status":"closed","sticky":false,"template":"","format":"standard","meta":{"fifu_image_url":"https:\/\/www.journalducameroun.com\/wp-content\/uploads\/2022\/01\/16433002838630.jpg","fifu_image_alt":"Logement: une convention de location-vente au profit des journalistes ivoiriens","footnotes":""},"categories":[73,82],"tags":[],"class_list":["post-139611","post","type-post","status-publish","format-standard","hentry","category-actualite","category-cameroun"],"_links":{"self":[{"href":"https:\/\/linitiative.ca\/International\/wp-json\/wp\/v2\/posts\/139611","targetHints":{"allow":["GET"]}}],"collection":[{"href":"https:\/\/linitiative.ca\/International\/wp-json\/wp\/v2\/posts"}],"about":[{"href":"https:\/\/linitiative.ca\/International\/wp-json\/wp\/v2\/types\/post"}],"author":[{"embeddable":true,"href":"https:\/\/linitiative.ca\/International\/wp-json\/wp\/v2\/users\/1965"}],"replies":[{"embeddable":true,"href":"https:\/\/linitiative.ca\/International\/wp-json\/wp\/v2\/comments?post=139611"}],"version-history":[{"count":0,"href":"https:\/\/linitiative.ca\/International\/wp-json\/wp\/v2\/posts\/139611\/revisions"}],"wp:attachment":[{"href":"https:\/\/linitiative.ca\/International\/wp-json\/wp\/v2\/media?parent=139611"}],"wp:term":[{"taxonomy":"category","embeddable":true,"href":"https:\/\/linitiative.ca\/International\/wp-json\/wp\/v2\/categories?post=139611"},{"taxonomy":"post_tag","embeddable":true,"href":"https:\/\/linitiative.ca\/International\/wp-json\/wp\/v2\/tags?post=139611"}],"curies":[{"name":"wp","href":"https:\/\/api.w.org\/{rel}","templated":true}]}}