{"id":139613,"date":"2022-01-27T12:18:03","date_gmt":"2022-01-27T17:18:03","guid":{"rendered":"https:\/\/linitiative.ca\/International\/le-groupe-bollore-renforce-son-implication-dans-leducation\/"},"modified":"2022-01-27T12:18:03","modified_gmt":"2022-01-27T17:18:03","slug":"le-groupe-bollore-renforce-son-implication-dans-leducation","status":"publish","type":"post","link":"https:\/\/linitiative.ca\/International\/le-groupe-bollore-renforce-son-implication-dans-leducation\/","title":{"rendered":"Le groupe Bollor\u00e9 renforce son implication dans l\u2019\u00e9ducation"},"content":{"rendered":"<div>\n<p><img decoding=\"async\" width=\"1086\" height=\"724\" src=\"https:\/\/linitiative.ca\/International\/wp-content\/uploads\/sites\/23\/2022\/01\/16433038839912.jpg\" class=\"attachment-post-thumbnail size-post-thumbnail wp-post-image\" alt=\"\" loading=\"lazy\" srcset=\"https:\/\/linitiative.ca\/International\/wp-content\/uploads\/sites\/23\/2022\/01\/16433038839912.jpg 1086w, https:\/\/www.journalducameroun.com\/wp-content\/uploads\/2022\/01\/16433038839912-300x200.jpg 300w, https:\/\/www.journalducameroun.com\/wp-content\/uploads\/2022\/01\/16433038839912-1024x683.jpg 1024w, https:\/\/www.journalducameroun.com\/wp-content\/uploads\/2022\/01\/16433038839912-768x512.jpg 768w, https:\/\/www.journalducameroun.com\/wp-content\/uploads\/2022\/01\/16433038839912-660x440.jpg 660w, https:\/\/www.journalducameroun.com\/wp-content\/uploads\/2022\/01\/16433038839912-600x400.jpg 600w\" sizes=\"auto, (max-width: 1086px) 100vw, 1086px\"><\/p>\n<p>Depuis plusieurs d\u00e9cennies l&rsquo;\u00e9ducation est au c\u0153ur de l&rsquo;engagement solidaire du groupe Bollor\u00e9.\u00c0 travers son programme de solidarit\u00e9 \u00ab Earthtalent \u00bb, Bollor\u00e9 s&rsquo;appuie sur son ancrage territorial pour soutenir des projets d&rsquo;associations de proximit\u00e9 principalement dans les domaines de l&rsquo;\u00e9ducation, la formation professionnelle et l&rsquo;entrepreneuriat.<\/p>\n<p>Ainsi, en collaboration \u00e9troite avec ses \u00e9quipes locales, le Groupe a ainsi apport\u00e9 une aide financi\u00e8re \u00e0 pr\u00e8s de 70 projets \u00e9ducatifs dans 18 pays.<\/p>\n<p>Parmi ces pays, il y a l&rsquo;Inde avec le projet Anandan qui permet chaque ann\u00e9e \u00e0 500 enfants en situation de grande pr\u00e9carit\u00e9 de b\u00e9n\u00e9ficier d&rsquo;un acc\u00e8s \u00e0 un programme \u00e9ducatif de qualit\u00e9.<\/p>\n<p>En Guin\u00e9e Conakry, dix \u00e9tudiants ont re\u00e7u une bourse acad\u00e9mique leur permettant d&rsquo;\u00e9tudier \u00e0 l&rsquo;\u00c9cole Nationale des Arts et M\u00e9tiers (ENAM).<\/p>\n<p>S&rsquo;agissant de la France, en partenariat avec la Cit\u00e9 Internationale Universitaire de Paris, plusieurs \u00e9tudiants se sont vu attribuer une bourse et b\u00e9n\u00e9ficient \u00e9galement d&rsquo;un accompagnement de la part des collaborateurs du Groupe Bollor\u00e9 pour leur assurer un soutien moral, financier et professionnel.<\/p>\n<p>\u00ab Earthtalent by Bollor\u00e9 a \u00e9t\u00e9 cr\u00e9\u00e9 en 2010 avec l&rsquo;objectif d&rsquo;apporter une aide concr\u00e8te aux populations locales dans divers domaines en particulier l&rsquo;\u00e9ducation, axe fort de notre programme. En coordonnant nos efforts avec les \u00e9quipes locales, nous continuerons \u00e0 remplir notre mission pour accompagner les jeunes dans la dur\u00e9e et leur donner les moyens de r\u00e9ussir par eux-m\u00eames \u00bb, a d\u00e9clar\u00e9 Doroth\u00e9e Van der Cruyssen, Directrice de l&rsquo;Engagement Solidaire International et M\u00e9c\u00e9nat du Groupe Bollor\u00e9 cit\u00e9e par un communiqu\u00e9 de presse.<\/p>\n<p>En 2021, la cr\u00e9ation du programme de bourses B&rsquo;Excellence a permis de consolider les actions d\u00e9j\u00e0 initi\u00e9es et de donner la possibilit\u00e9 aux \u00e9tudiants ayant un parcours acad\u00e9mique d&rsquo;excellence de poursuivre leurs \u00e9tudes.<\/p>\n<p>Cet article <a rel=\"nofollow\" href=\"https:\/\/www.journalducameroun.com\/le-groupe-bollore-renforce-son-implication-dans-leducation\/\">Le groupe Bollor\u00e9 renforce son implication dans l\u2019\u00e9ducation<\/a> est apparu en premier sur <a rel=\"nofollow\" href=\"https:\/\/www.journalducameroun.com\/\">Journal du Cameroun<\/a>.<\/p>\n<\/div>\n<p>Auteur: APA News<br \/>\n<a href=\"https:\/\/www.journalducameroun.com\/le-groupe-bollore-renforce-son-implication-dans-leducation\/\">Cliquez ici pour lire l&rsquo;article depuis sa source.<\/a><\/p>\n","protected":false},"excerpt":{"rendered":"<p>Depuis plusieurs d\u00e9cennies l&rsquo;\u00e9ducation est au c\u0153ur de l&rsquo;engagement solidaire du groupe Bollor\u00e9.\u00c0 travers son programme de solidarit\u00e9 \u00ab Earthtalent \u00bb, Bollor\u00e9 s&rsquo;appuie sur son ancrage territorial pour soutenir des projets d&rsquo;associations de proximit\u00e9 principalement dans les domaines de l&rsquo;\u00e9ducation, la formation professionnelle et l&rsquo;entrepreneuriat. Ainsi, en collaboration \u00e9troite avec ses \u00e9quipes locales, le Groupe [&hellip;]<\/p>\n","protected":false},"author":1965,"featured_media":0,"comment_status":"closed","ping_status":"closed","sticky":false,"template":"","format":"standard","meta":{"fifu_image_url":"https:\/\/www.journalducameroun.com\/wp-content\/uploads\/2022\/01\/16433038839912.jpg","fifu_image_alt":"Le groupe Bollor\u00e9 renforce son implication dans l\u2019\u00e9ducation","footnotes":""},"categories":[73,82],"tags":[],"class_list":["post-139613","post","type-post","status-publish","format-standard","hentry","category-actualite","category-cameroun"],"_links":{"self":[{"href":"https:\/\/linitiative.ca\/International\/wp-json\/wp\/v2\/posts\/139613","targetHints":{"allow":["GET"]}}],"collection":[{"href":"https:\/\/linitiative.ca\/International\/wp-json\/wp\/v2\/posts"}],"about":[{"href":"https:\/\/linitiative.ca\/International\/wp-json\/wp\/v2\/types\/post"}],"author":[{"embeddable":true,"href":"https:\/\/linitiative.ca\/International\/wp-json\/wp\/v2\/users\/1965"}],"replies":[{"embeddable":true,"href":"https:\/\/linitiative.ca\/International\/wp-json\/wp\/v2\/comments?post=139613"}],"version-history":[{"count":0,"href":"https:\/\/linitiative.ca\/International\/wp-json\/wp\/v2\/posts\/139613\/revisions"}],"wp:attachment":[{"href":"https:\/\/linitiative.ca\/International\/wp-json\/wp\/v2\/media?parent=139613"}],"wp:term":[{"taxonomy":"category","embeddable":true,"href":"https:\/\/linitiative.ca\/International\/wp-json\/wp\/v2\/categories?post=139613"},{"taxonomy":"post_tag","embeddable":true,"href":"https:\/\/linitiative.ca\/International\/wp-json\/wp\/v2\/tags?post=139613"}],"curies":[{"name":"wp","href":"https:\/\/api.w.org\/{rel}","templated":true}]}}