{"id":139615,"date":"2022-01-27T13:18:03","date_gmt":"2022-01-27T18:18:03","guid":{"rendered":"https:\/\/linitiative.ca\/International\/une-conference-du-forum-dabu-dhabi-pour-la-paix-a-nouakchott\/"},"modified":"2022-01-27T13:18:03","modified_gmt":"2022-01-27T18:18:03","slug":"une-conference-du-forum-dabu-dhabi-pour-la-paix-a-nouakchott","status":"publish","type":"post","link":"https:\/\/linitiative.ca\/International\/une-conference-du-forum-dabu-dhabi-pour-la-paix-a-nouakchott\/","title":{"rendered":"Une conf\u00e9rence du forum d\u2019Abu Dhabi pour la paix \u00e0 Nouakchott"},"content":{"rendered":"<div>\n<p><img decoding=\"async\" width=\"874\" height=\"1140\" src=\"https:\/\/linitiative.ca\/International\/wp-content\/uploads\/sites\/23\/2022\/01\/16433074839160.jpg\" class=\"attachment-post-thumbnail size-post-thumbnail wp-post-image\" alt=\"\" loading=\"lazy\" srcset=\"https:\/\/linitiative.ca\/International\/wp-content\/uploads\/sites\/23\/2022\/01\/16433074839160.jpg 874w, https:\/\/www.journalducameroun.com\/wp-content\/uploads\/2022\/01\/16433074839160-230x300.jpg 230w, https:\/\/www.journalducameroun.com\/wp-content\/uploads\/2022\/01\/16433074839160-785x1024.jpg 785w, https:\/\/www.journalducameroun.com\/wp-content\/uploads\/2022\/01\/16433074839160-768x1002.jpg 768w, https:\/\/www.journalducameroun.com\/wp-content\/uploads\/2022\/01\/16433074839160-337x440.jpg 337w, https:\/\/www.journalducameroun.com\/wp-content\/uploads\/2022\/01\/16433074839160-600x783.jpg 600w\" sizes=\"auto, (max-width: 874px) 100vw, 874px\"><\/p>\n<p>Plus de 300 personnalit\u00e9s politiques et religieuses du monde sont attendues \u00e0 cette rencontre.La deuxi\u00e8me \u00e9dition de la Conf\u00e9rence africaine pour la paix se tiendra dans la capitale mauritanienne, Nouakchott, du 8 au 10 f\u00e9vrier 2022. Plac\u00e9e sous le haut patronage de Mohamed Ould Cheikh El Ghazouani, pr\u00e9sident de la R\u00e9publique islamique de Mauritanie, la conf\u00e9rence aura pour th\u00e8me \u00ab Offrir la paix au monde \u00bb.<\/p>\n<p>Cet \u00e9v\u00e9nement international est organis\u00e9 par le Forum d&rsquo;Abu Dhabi pour la Paix, avec la participation du gouvernement de la R\u00e9publique islamique de Mauritanie. Il se veut, rapporte un communiqu\u00e9 de ses organisateurs, une plate-forme d&rsquo;\u00e9change d&rsquo;exp\u00e9riences entre les autorit\u00e9s religieuses du continent africain et un espace de discussion et de d\u00e9bat sur les questions de paix et de r\u00e9conciliation en Afrique.<\/p>\n<p>Les participants \u00e0 cette rencontre vont faire le point sur la menace de l&rsquo;extr\u00e9misme et le terrorisme. Plusieurs th\u00e8mes sont \u00e0 l&rsquo;ordre du jour. Parmi ceux-ci, les organisateurs notent : \u00ab Comment promouvoir la paix ? \u00bb, \u00ab Comment mettre fin aux guerres civiles ? \u00bb, \u00ab Comment pr\u00e9venir l&rsquo;extr\u00e9misme et le terrorisme ?\u00a0\u00bb, \u00ab Comment renforcer le r\u00f4le des \u00c9tats ? \u00bb.<\/p>\n<p>Cette conf\u00e9rence sera l&rsquo;occasion d&rsquo;\u00e9laborer des propositions pratiques, de nature \u00e0 contribuer au raffermissement des liens de coop\u00e9ration entre les diff\u00e9rents acteurs publiques et politiques et les initiatives des leaders religieux pour la promotion de la paix et de la stabilit\u00e9 sur tous les territoires africains.<\/p>\n<p>La rencontre verra la pr\u00e9sence du pr\u00e9sident mauritanien, Mohamed Ould Cheikh El Ghazouani, et celle du pr\u00e9sident du forum d&rsquo;Abu Dhabi pour la paix, le cheikh Abdallah Ibn Bayyah.<\/p>\n<p>Cet article <a rel=\"nofollow\" href=\"https:\/\/www.journalducameroun.com\/une-conference-du-forum-dabu-dhabi-pour-la-paix-a-nouakchott\/\">Une conf\u00e9rence du forum d\u2019Abu Dhabi pour la paix \u00e0 Nouakchott<\/a> est apparu en premier sur <a rel=\"nofollow\" href=\"https:\/\/www.journalducameroun.com\/\">Journal du Cameroun<\/a>.<\/p>\n<\/div>\n<p>Auteur: APA News<br \/>\n<a href=\"https:\/\/www.journalducameroun.com\/une-conference-du-forum-dabu-dhabi-pour-la-paix-a-nouakchott\/\">Cliquez ici pour lire l&rsquo;article depuis sa source.<\/a><\/p>\n","protected":false},"excerpt":{"rendered":"<p>Plus de 300 personnalit\u00e9s politiques et religieuses du monde sont attendues \u00e0 cette rencontre.La deuxi\u00e8me \u00e9dition de la Conf\u00e9rence africaine pour la paix se tiendra dans la capitale mauritanienne, Nouakchott, du 8 au 10 f\u00e9vrier 2022. Plac\u00e9e sous le haut patronage de Mohamed Ould Cheikh El Ghazouani, pr\u00e9sident de la R\u00e9publique islamique de Mauritanie, la [&hellip;]<\/p>\n","protected":false},"author":1965,"featured_media":0,"comment_status":"closed","ping_status":"closed","sticky":false,"template":"","format":"standard","meta":{"fifu_image_url":"https:\/\/www.journalducameroun.com\/wp-content\/uploads\/2022\/01\/16433074839160.jpg","fifu_image_alt":"Une conf\u00e9rence du forum d\u2019Abu Dhabi pour la paix \u00e0 Nouakchott","footnotes":""},"categories":[73,82],"tags":[],"class_list":["post-139615","post","type-post","status-publish","format-standard","hentry","category-actualite","category-cameroun"],"_links":{"self":[{"href":"https:\/\/linitiative.ca\/International\/wp-json\/wp\/v2\/posts\/139615","targetHints":{"allow":["GET"]}}],"collection":[{"href":"https:\/\/linitiative.ca\/International\/wp-json\/wp\/v2\/posts"}],"about":[{"href":"https:\/\/linitiative.ca\/International\/wp-json\/wp\/v2\/types\/post"}],"author":[{"embeddable":true,"href":"https:\/\/linitiative.ca\/International\/wp-json\/wp\/v2\/users\/1965"}],"replies":[{"embeddable":true,"href":"https:\/\/linitiative.ca\/International\/wp-json\/wp\/v2\/comments?post=139615"}],"version-history":[{"count":0,"href":"https:\/\/linitiative.ca\/International\/wp-json\/wp\/v2\/posts\/139615\/revisions"}],"wp:attachment":[{"href":"https:\/\/linitiative.ca\/International\/wp-json\/wp\/v2\/media?parent=139615"}],"wp:term":[{"taxonomy":"category","embeddable":true,"href":"https:\/\/linitiative.ca\/International\/wp-json\/wp\/v2\/categories?post=139615"},{"taxonomy":"post_tag","embeddable":true,"href":"https:\/\/linitiative.ca\/International\/wp-json\/wp\/v2\/tags?post=139615"}],"curies":[{"name":"wp","href":"https:\/\/api.w.org\/{rel}","templated":true}]}}