{"id":139617,"date":"2022-01-27T14:18:03","date_gmt":"2022-01-27T19:18:03","guid":{"rendered":"https:\/\/linitiative.ca\/International\/impots-ivoiriens-2819-milliards-fcfa-collectes-en-2021-sur-2701-milliards-attendus\/"},"modified":"2022-01-27T14:18:03","modified_gmt":"2022-01-27T19:18:03","slug":"impots-ivoiriens-2819-milliards-fcfa-collectes-en-2021-sur-2701-milliards-attendus","status":"publish","type":"post","link":"https:\/\/linitiative.ca\/International\/impots-ivoiriens-2819-milliards-fcfa-collectes-en-2021-sur-2701-milliards-attendus\/","title":{"rendered":"Imp\u00f4ts ivoiriens: 2819 milliards Fcfa collect\u00e9s en 2021 sur 2701 milliards attendus"},"content":{"rendered":"<div>\n<p><img decoding=\"async\" width=\"800\" height=\"533\" src=\"https:\/\/linitiative.ca\/International\/wp-content\/uploads\/sites\/23\/2022\/01\/16433110838520.jpg\" class=\"attachment-post-thumbnail size-post-thumbnail wp-post-image\" alt=\"\" loading=\"lazy\" srcset=\"https:\/\/linitiative.ca\/International\/wp-content\/uploads\/sites\/23\/2022\/01\/16433110838520.jpg 800w, https:\/\/www.journalducameroun.com\/wp-content\/uploads\/2022\/01\/16433110838520-300x200.jpg 300w, https:\/\/www.journalducameroun.com\/wp-content\/uploads\/2022\/01\/16433110838520-768x512.jpg 768w, https:\/\/www.journalducameroun.com\/wp-content\/uploads\/2022\/01\/16433110838520-660x440.jpg 660w, https:\/\/www.journalducameroun.com\/wp-content\/uploads\/2022\/01\/16433110838520-600x400.jpg 600w\" sizes=\"auto, (max-width: 800px) 100vw, 800px\"><\/p>\n<p>Les services des imp\u00f4ts en C\u00f4te d&rsquo;Ivoire ont collect\u00e9 2819 milliards Fcfa en 2021 sur 2701 milliards attendus, soit un \u00e9cart positif de 118,7 milliards Fcfa, a indiqu\u00e9 le directeur g\u00e9n\u00e9ral des imp\u00f4ts, Abou Si\u00e9 Ouattara, lors d&rsquo;un s\u00e9minaire bilan.<\/p>\n<p>\u00ab\u00a0L&rsquo;objectif qui avait \u00e9t\u00e9 assign\u00e9 par l&rsquo;Etat pour 2021, c&rsquo;est 2.701 milliards Fcfa, (mais) les r\u00e9alisations se sont \u00e9tablies \u00e0 2819 milliards Fcfa soit un \u00e9cart positif d&rsquo;\u00e0 peu pr\u00e8s 119 milliards Fcfa\u00a0\u00bb, a dit \u00e0 la presse M. Abou Si\u00e9 Ouattara, en marge du s\u00e9minaire, \u00e0 Abidjan. \u00a0<\/p>\n<p>Pour 2022, ce sont 3107 milliards Fcfa de recettes qui sont attendues de la direction g\u00e9n\u00e9rale des imp\u00f4ts. M. Abou Si\u00e9 Ouattara a assur\u00e9 que ses services feront davantage avec l&rsquo;\u00e9largissement de l&rsquo;assiette fiscale, la lutte contre la fraude fiscale et l&rsquo;\u00e9ducation des populations.<\/p>\n<p>Les perspectives de mobilisation de recettes pour 2022 ressortent un accroissement d&rsquo;\u00e0 peu pr\u00e8s 10% par rapport aux r\u00e9alisations de l&rsquo;ann\u00e9e 2021. Pour atteindre cet objectif, &lsquo;l&rsquo;administration fiscale a initi\u00e9 ce s\u00e9minaire pour am\u00e9liorer ses process.\u00a0<\/p>\n<p>Le directeur de Cabinet du ministre du Budget et du portefeuille de l&rsquo;Etat, Adama Sall, a exprim\u00e9 la \u00ab\u00a0satisfaction\u00a0\u00bb du ministre de tutelle qu&rsquo;il repr\u00e9sentait, des efforts r\u00e9alis\u00e9s dans un contexte, marqu\u00e9 par la pand\u00e9mie de Covid-19 qui a affect\u00e9 les entreprises.\u00a0<\/p>\n<p>Sur un objectif de recettes attendues de 2701 milliards Fcfa la direction g\u00e9n\u00e9rale des imp\u00f4ts a recouvr\u00e9 au titre de l&rsquo;ann\u00e9e 2021 la somme 2819 d\u00e9gageant ainsi un \u00e9cart positif de 118,7 milliards Fcfa, soit un taux de r\u00e9alisation de 104%. \u00a0<\/p>\n<p>Toutefois, dira-t-il, de nombreux d\u00e9fis restent encore \u00e0 relever afin de permettre au gouvernement de mener \u00e0 bien son ambitieux programme de d\u00e9veloppement et de faire face \u00e0 ses engagements internes et vis-\u00e0-vis de ses partenaires ext\u00e9rieurs.<\/p>\n<p>Au nombre des d\u00e9fis de la mobilisation des ressources, figurent \u00ab\u00a0la probl\u00e9matique de rel\u00e8vement du taux de pression fiscale dont la faiblesse contribue \u00e0 instaurer des zones de fragilit\u00e9 au niveau des finances publiques de nos pays\u00a0\u00bb, a-t-il poursuivi.\u00a0<\/p>\n<p>Le taux de pression fiscale en C\u00f4te d&rsquo;Ivoire est de 12,4%, selon M. Adama Sall, un pourcentage en de\u00e7\u00e0 du taux de 20% fix\u00e9 par la Commission de l&rsquo;Uemoa. A contrario, \u00ab\u00a0ce taux, bas, pose la probl\u00e9matique de l&rsquo;accroissent de la capacit\u00e9 de mobilisation des recettes fiscales\u00a0\u00bb.\u00a0<\/p>\n<p>Suivant plusieurs \u00e9tudes, le taux de pression fiscale optimal de la C\u00f4te d&rsquo;Ivoire devrait se situer normalement \u00e0 22% du PIB au regard des immenses potentialit\u00e9s du pays, a fait observer M. Adama Sall. \u00a0<\/p>\n<p>\u00ab\u00a0Un taux de pression de ce niveau, permettrait de collecter annuellement 8.000 milliards Fcfa dont 5000 milliards pour la direction g\u00e9n\u00e9rale des imp\u00f4ts\u00a0\u00bb selon ces \u00e9tudes, a relev\u00e9 M. Adama Sall.\u00a0<\/p>\n<p>Dans l&rsquo;optique d&rsquo;accro\u00eetre ses recettes, l&rsquo;Etat ivoirien a engag\u00e9 des mesures structurelles, notamment la digitalisation des proc\u00e9dures, l&rsquo;am\u00e9nagement de l&rsquo;assiette et des taux de certains imp\u00f4ts, le renforcement de l&rsquo;efficacit\u00e9 du contr\u00f4le fiscal et la consolidation des performances de l&rsquo;administration fiscales.<\/p>\n<p>M. Adama Sall a annonc\u00e9 que, ce vendredi, il y aura le lancement de la nouvelle administration digitalis\u00e9e de la TVA. En outre, dans les semaines prochaines, il sera livr\u00e9 le syst\u00e8me de gestion de la fiscalit\u00e9 immobili\u00e8re.\u00a0<\/p>\n<p>Le pays d\u00e9nombre 135 000 contribuables assujettis aux imp\u00f4ts divers hors imp\u00f4ts fonciers soit un ratio d&rsquo;un contribuable sur 125 personnes. \u00c0 c\u00f4t\u00e9 de cela, le co\u00fbt des exon\u00e9rations, lui, est estim\u00e9 \u00e0 environ 400 milliards Fcfa par an.\u00a0<\/p>\n<p>Cet article <a rel=\"nofollow\" href=\"https:\/\/www.journalducameroun.com\/impots-ivoiriens-2819-milliards-fcfa-collectes-en-2021-sur-2701-milliards-attendus\/\">Imp\u00f4ts ivoiriens: 2819 milliards Fcfa collect\u00e9s en 2021 sur 2701 milliards attendus<\/a> est apparu en premier sur <a rel=\"nofollow\" href=\"https:\/\/www.journalducameroun.com\/\">Journal du Cameroun<\/a>.<\/p>\n<\/div>\n<p>Auteur: APA News<br \/>\n<a href=\"https:\/\/www.journalducameroun.com\/impots-ivoiriens-2819-milliards-fcfa-collectes-en-2021-sur-2701-milliards-attendus\/\">Cliquez ici pour lire l&rsquo;article depuis sa source.<\/a><\/p>\n","protected":false},"excerpt":{"rendered":"<p>Les services des imp\u00f4ts en C\u00f4te d&rsquo;Ivoire ont collect\u00e9 2819 milliards Fcfa en 2021 sur 2701 milliards attendus, soit un \u00e9cart positif de 118,7 milliards Fcfa, a indiqu\u00e9 le directeur g\u00e9n\u00e9ral des imp\u00f4ts, Abou Si\u00e9 Ouattara, lors d&rsquo;un s\u00e9minaire bilan. \u00ab\u00a0L&rsquo;objectif qui avait \u00e9t\u00e9 assign\u00e9 par l&rsquo;Etat pour 2021, c&rsquo;est 2.701 milliards Fcfa, (mais) les [&hellip;]<\/p>\n","protected":false},"author":1965,"featured_media":0,"comment_status":"closed","ping_status":"closed","sticky":false,"template":"","format":"standard","meta":{"fifu_image_url":"https:\/\/www.journalducameroun.com\/wp-content\/uploads\/2022\/01\/16433110838520.jpg","fifu_image_alt":"Imp\u00f4ts ivoiriens: 2819 milliards Fcfa collect\u00e9s en 2021 sur 2701 milliards attendus","footnotes":""},"categories":[73,82],"tags":[],"class_list":["post-139617","post","type-post","status-publish","format-standard","hentry","category-actualite","category-cameroun"],"_links":{"self":[{"href":"https:\/\/linitiative.ca\/International\/wp-json\/wp\/v2\/posts\/139617","targetHints":{"allow":["GET"]}}],"collection":[{"href":"https:\/\/linitiative.ca\/International\/wp-json\/wp\/v2\/posts"}],"about":[{"href":"https:\/\/linitiative.ca\/International\/wp-json\/wp\/v2\/types\/post"}],"author":[{"embeddable":true,"href":"https:\/\/linitiative.ca\/International\/wp-json\/wp\/v2\/users\/1965"}],"replies":[{"embeddable":true,"href":"https:\/\/linitiative.ca\/International\/wp-json\/wp\/v2\/comments?post=139617"}],"version-history":[{"count":0,"href":"https:\/\/linitiative.ca\/International\/wp-json\/wp\/v2\/posts\/139617\/revisions"}],"wp:attachment":[{"href":"https:\/\/linitiative.ca\/International\/wp-json\/wp\/v2\/media?parent=139617"}],"wp:term":[{"taxonomy":"category","embeddable":true,"href":"https:\/\/linitiative.ca\/International\/wp-json\/wp\/v2\/categories?post=139617"},{"taxonomy":"post_tag","embeddable":true,"href":"https:\/\/linitiative.ca\/International\/wp-json\/wp\/v2\/tags?post=139617"}],"curies":[{"name":"wp","href":"https:\/\/api.w.org\/{rel}","templated":true}]}}