{"id":139619,"date":"2022-01-27T17:18:03","date_gmt":"2022-01-27T22:18:03","guid":{"rendered":"https:\/\/linitiative.ca\/International\/cote-divoire-rentree-de-la-13e-mandature-du-cesec-en-presence-de-ouattara\/"},"modified":"2022-01-27T17:18:03","modified_gmt":"2022-01-27T22:18:03","slug":"cote-divoire-rentree-de-la-13e-mandature-du-cesec-en-presence-de-ouattara","status":"publish","type":"post","link":"https:\/\/linitiative.ca\/International\/cote-divoire-rentree-de-la-13e-mandature-du-cesec-en-presence-de-ouattara\/","title":{"rendered":"C\u00f4te d\u2019Ivoire: rentr\u00e9e de la 13e mandature du CESEC en pr\u00e9sence de Ouattara"},"content":{"rendered":"<div>\n<p><img decoding=\"async\" width=\"448\" height=\"299\" src=\"https:\/\/linitiative.ca\/International\/wp-content\/uploads\/sites\/23\/2022\/01\/16433218839632.jpg\" class=\"attachment-post-thumbnail size-post-thumbnail wp-post-image\" alt=\"\" loading=\"lazy\" srcset=\"https:\/\/linitiative.ca\/International\/wp-content\/uploads\/sites\/23\/2022\/01\/16433218839632.jpg 448w, https:\/\/www.journalducameroun.com\/wp-content\/uploads\/2022\/01\/16433218839632-300x200.jpg 300w\" sizes=\"auto, (max-width: 448px) 100vw, 448px\"><\/p>\n<p>Le Conseil \u00e9conomique, social, environnemental et culturel (CESEC) de la C\u00f4te d&rsquo;Ivoire, a effectu\u00e9 jeudi la rentr\u00e9e solennelle de sa 13e mandature, en pr\u00e9sence du chef de l&rsquo;Etat Alassane Ouattara.<\/p>\n<p>Cette rentr\u00e9e solennelle a outre, la pr\u00e9sence du pr\u00e9sident de la r\u00e9publique, Alassane Ouattara, enregistr\u00e9 plusieurs pr\u00e9sidents d&rsquo;institutions, des membres du gouvernement, de hautes personnalit\u00e9s et des diplomates.\u00a0\u00bb\u00a0<\/p>\n<p>Le pr\u00e9sident du Conseil \u00e9conomique et social (CES) du B\u00e9nin, \u00a0M. Augustin Tabe Gbian, celui du Niger, M. Ligari Mariou, et une d\u00e9l\u00e9gation du CES de la R\u00e9publique d\u00e9mocratique du Congo (RDC), \u00e9taient \u00e9galement pr\u00e9sents \u00e0 cette rentr\u00e9e solennelle du CESEC.\u00a0<\/p>\n<p>Le pr\u00e9sident du CESEC, Dr Eug\u00e8ne Aka Aou\u00e9l\u00e9, a dit \u00ab\u00a0merci\u00a0\u00bb au pr\u00e9sident de la R\u00e9publique de C\u00f4te d&rsquo;Ivoire pour cette marque d&rsquo;estime en venant \u00e0 cette c\u00e9r\u00e9monie, r\u00e9affirmant tout son engagement et toute sa d\u00e9termination \u00e0 assumer les missions qui lui ont \u00e9t\u00e9 confi\u00e9es.\u00a0<\/p>\n<p>Il a en outre exprim\u00e9 l&rsquo;enthousiasme qui l&rsquo;anime d&rsquo;assurer avec \u00ab\u00a0dignit\u00e9, d\u00e9vouement\u00a0\u00bb et dans la droite ligne de son ambitieux programme ax\u00e9 sur une C\u00f4te d&rsquo;Ivoire solidaire, ses responsabilit\u00e9s afin que les r\u00e9sultats obtenus soient \u00e0 la hauteur de ses attentes et celles des populations.\u00a0<\/p>\n<p>M. Aka Aou\u00e9l\u00e9 a par ailleurs promis une \u00ab\u00a0teneur dense de la contribution des membres du CESEC \u00e0 la mise en oeuvre des programmes du gouvernement\u00a0\u00bb. Le CESEC a pour mission de conseiller le gouvernement en mati\u00e8re \u00e9conomique, social, culturel et environnemental.\u00a0<\/p>\n<p>Le chef de l&rsquo;Etat ivoirien, Alassane Ouattara, a reconduit le 4 janvier 2022 Dr Aka Aou\u00e9l\u00e9 \u00e0 la t\u00eate du CESEC et nomm\u00e9 115 nouveaux membres de l&rsquo;institution qui comprend quelque 120 personnes repr\u00e9sentants divers secteurs. \u00a0<\/p>\n<p>Cet article <a rel=\"nofollow\" href=\"https:\/\/www.journalducameroun.com\/cote-divoire-rentree-de-la-13e-mandature-du-cesec-en-presence-de-ouattara\/\">C\u00f4te d\u2019Ivoire: rentr\u00e9e de la 13e mandature du CESEC en pr\u00e9sence de Ouattara<\/a> est apparu en premier sur <a rel=\"nofollow\" href=\"https:\/\/www.journalducameroun.com\/\">Journal du Cameroun<\/a>.<\/p>\n<\/div>\n<p>Auteur: APA News<br \/>\n<a href=\"https:\/\/www.journalducameroun.com\/cote-divoire-rentree-de-la-13e-mandature-du-cesec-en-presence-de-ouattara\/\">Cliquez ici pour lire l&rsquo;article depuis sa source.<\/a><\/p>\n","protected":false},"excerpt":{"rendered":"<p>Le Conseil \u00e9conomique, social, environnemental et culturel (CESEC) de la C\u00f4te d&rsquo;Ivoire, a effectu\u00e9 jeudi la rentr\u00e9e solennelle de sa 13e mandature, en pr\u00e9sence du chef de l&rsquo;Etat Alassane Ouattara. Cette rentr\u00e9e solennelle a outre, la pr\u00e9sence du pr\u00e9sident de la r\u00e9publique, Alassane Ouattara, enregistr\u00e9 plusieurs pr\u00e9sidents d&rsquo;institutions, des membres du gouvernement, de hautes personnalit\u00e9s [&hellip;]<\/p>\n","protected":false},"author":1965,"featured_media":0,"comment_status":"closed","ping_status":"closed","sticky":false,"template":"","format":"standard","meta":{"fifu_image_url":"https:\/\/www.journalducameroun.com\/wp-content\/uploads\/2022\/01\/16433218839632.jpg","fifu_image_alt":"C\u00f4te d\u2019Ivoire: rentr\u00e9e de la 13e mandature du CESEC en pr\u00e9sence de Ouattara","footnotes":""},"categories":[73,82],"tags":[],"class_list":["post-139619","post","type-post","status-publish","format-standard","hentry","category-actualite","category-cameroun"],"_links":{"self":[{"href":"https:\/\/linitiative.ca\/International\/wp-json\/wp\/v2\/posts\/139619","targetHints":{"allow":["GET"]}}],"collection":[{"href":"https:\/\/linitiative.ca\/International\/wp-json\/wp\/v2\/posts"}],"about":[{"href":"https:\/\/linitiative.ca\/International\/wp-json\/wp\/v2\/types\/post"}],"author":[{"embeddable":true,"href":"https:\/\/linitiative.ca\/International\/wp-json\/wp\/v2\/users\/1965"}],"replies":[{"embeddable":true,"href":"https:\/\/linitiative.ca\/International\/wp-json\/wp\/v2\/comments?post=139619"}],"version-history":[{"count":0,"href":"https:\/\/linitiative.ca\/International\/wp-json\/wp\/v2\/posts\/139619\/revisions"}],"wp:attachment":[{"href":"https:\/\/linitiative.ca\/International\/wp-json\/wp\/v2\/media?parent=139619"}],"wp:term":[{"taxonomy":"category","embeddable":true,"href":"https:\/\/linitiative.ca\/International\/wp-json\/wp\/v2\/categories?post=139619"},{"taxonomy":"post_tag","embeddable":true,"href":"https:\/\/linitiative.ca\/International\/wp-json\/wp\/v2\/tags?post=139619"}],"curies":[{"name":"wp","href":"https:\/\/api.w.org\/{rel}","templated":true}]}}