{"id":139621,"date":"2022-01-27T08:46:05","date_gmt":"2022-01-27T13:46:05","guid":{"rendered":"https:\/\/linitiative.ca\/International\/la-covid-19-retarde-un-financement-etranger-dun-milliard-de-fcfa-en-faveur-de-lirad\/"},"modified":"2022-01-27T08:46:05","modified_gmt":"2022-01-27T13:46:05","slug":"la-covid-19-retarde-un-financement-etranger-dun-milliard-de-fcfa-en-faveur-de-lirad","status":"publish","type":"post","link":"https:\/\/linitiative.ca\/International\/la-covid-19-retarde-un-financement-etranger-dun-milliard-de-fcfa-en-faveur-de-lirad\/","title":{"rendered":"La Covid-19 retarde un financement \u00e9tranger d\u2019un milliard de FCFA en faveur de l\u2019Irad"},"content":{"rendered":"<div>\n<p>L\u2019une des innovations de l\u2019\u00e9dition 2020 du rapport de la Commission technique de R\u00e9habilitation des entreprises du secteur public et parapublic, sur la situation des entreprises publiques et des \u00e9tablissements publics, est qu\u2019elle a int\u00e9gr\u00e9 pour la premi\u00e8re fois l\u2019analyse de la gestion de quelques Missions de D\u00e9veloppement et des instituts de recherche, en l\u2019occurrence l\u2019Institut de recherche agricole pour le d\u00e9veloppement (Irad). Ceci \u00ab\u00a0en raison d\u2019une part, de leur participation \u00e0 l\u2019am\u00e9lioration des conditions de vie des populations et le d\u00e9veloppement rural int\u00e9gr\u00e9 des aires g\u00e9ographiques dans lesquelles elles sont implant\u00e9es, et d\u2019autre part, de leur importance pour le d\u00e9veloppement de l\u2019\u00e9conomie nationale. Ces organismes sont charg\u00e9s de coordonner les programmes du Gouvernement \u00e0 travers la r\u00e9alisation des \u00e9tudes, les am\u00e9nagements op\u00e9r\u00e9s et l\u2019exploitation du r\u00e9sultat des recherches effectu\u00e9es\u00a0\u00bb, \u00e9taye le rapport.<\/p>\n<p><strong>Covid-19 perturbatrice<\/strong><\/p>\n<p>Dans le cas de l\u2019Irad, l\u2019on apprend de ce rapport qu\u2019en 2020, il a perdu un financement d\u2019un milliard de FCFA de l\u2019Indon\u00e9sie en raison de la pand\u00e9mie de Coronavirus. \u00ab\u00a0En effet, l\u2019Irad attendait FCFA 1 000 000 000 de la R\u00e9publique d\u2019Indon\u00e9sie pour l\u2019utilisation des technologies de production de palmier \u00e0 huile. Cependant, du fait de la pand\u00e9mie du Covid-19, cet appui a \u00e9t\u00e9 supprim\u00e9 par ce pays\u00a0\u00bb, pr\u00e9cise ce document de 268 pages. Sauf que pour l\u2019Irad, il s\u2019agit davantage d\u2019un retard de paiement que d\u2019une suppression.\u00a0\u00ab\u00a0L\u2019Irad \u00e9tant confront\u00e9 \u00e0 une conjoncture difficile a sollicit\u00e9 fin 2019 une avance de paiement des royalties dus pour un montant d\u2019environ 1 milliard de F CFA. Mais compte tenu du contexte de pand\u00e9mie \u00e0 Covbid-19 qui s\u2019en est suivi, l\u2019entit\u00e9 indon\u00e9sienne n\u2019a pas encore donn\u00e9 une suite favorable \u00e0 ladite requ\u00eate\u00a0\u00bb, renseigne l\u2019Irad, contact\u00e9 par EcoMatin.<\/p>\n<p><strong>Lire aussi<\/strong> : <strong><a href=\"https:\/\/ecomatin.net\/noix-de-cajou-l-irad-veut-porter-la-production-a-5-millions-de-tonnes\/\">Noix de cajou : l \u2019Irad veut porter la production \u00e0 5 millions de tonnes<\/a><\/strong><\/p>\n<p>C\u2019est que, en 2008, l\u2019Irad a sign\u00e9 une convention avec PT ASTRA AGRO Lestari TBK, une multinationale indon\u00e9sienne investissant dans le palmier \u00e0 huile. Ladite convention porte sur le d\u00e9veloppement de nouvelles vari\u00e9t\u00e9s de palmiers \u00e0 huile \u00e0 partir du mat\u00e9riel g\u00e9n\u00e9tique disponible au (Centre de Recherche sur le palmier \u00e0 huile (CEREPAH), devenu Station sp\u00e9cialis\u00e9e de recherche agricole sur le palmier \u00e0 huile de la Dibamba (SSRAHD). Cette convention pr\u00e9voit en effet des royalties annuelles sur les ventes de semences (environ 7%) effectu\u00e9es par la multinationale indon\u00e9sienne, \u00e0 partir de l\u2019ann\u00e9e d\u2019entr\u00e9e en production du champ semencier qu\u2019il aura d\u00e9velopp\u00e9 avec le mat\u00e9riel v\u00e9g\u00e9tal fourni par l\u2019Irad et ceci pour une p\u00e9riode de 25 ans. Le mat\u00e9riel en question a \u00e9t\u00e9 mis en place en Indon\u00e9sie en 2013, et devait entrer en production en 2021, compte tenu du d\u00e9lai d\u2019environ 8 ans requis pour l\u2019exploitation d\u2019un champ semencier de palmier \u00e0 huile.<\/p>\n<p><strong>Lire aussi<\/strong> : <strong><a href=\"https:\/\/ecomatin.net\/agriculture-un-programme-de-developpement-des-filieres-cacao-cafe-et-de-lacajou-en-gestation\/\" rel=\"sponsored nofollow\">Agriculture : un programme de d\u00e9veloppement des fili\u00e8res cacao, caf\u00e9 et de l\u2019acajou en gestation<\/a><\/strong><\/p>\n<p>Le rapport de la CTR r\u00e9v\u00e8le \u00e9galement que le financement de l\u2019Irad \u00e0 travers le Fonds Sp\u00e9cial pour la Production des Semences de Recherche (FSPSR), pilot\u00e9 par la Pr\u00e9sidence de la R\u00e9publique, augmente de fa\u00e7on exponentielle d\u2019ann\u00e9e en ann\u00e9e. Ce qui traduit la volont\u00e9 des pouvoirs publics \u00e0 accompagner l\u2019Irad dans la production des semences de qualit\u00e9. Les charges de personnel, se situent en moyenne \u00e0 1,361 milliards et\u00a0 absorbent 60,29% de la subvention de fonctionnement sur la p\u00e9riode sous revue. Elles repr\u00e9sentent en moyenne 49,87% de l\u2019ensemble des d\u00e9penses de fonctionnement. Il convient cependant de relever que ce personnel est en grande partie constitu\u00e9 de chercheurs mis \u00e0 la disposition de l\u2019Irad par le Minist\u00e8re de la Recherche Scientifique et de l\u2019Innovation (Minresi).<\/p>\n<p><strong>Lire aussi<\/strong> : <strong><a href=\"https:\/\/ecomatin.net\/en-60-ans-lagence-americaine-de-developpement-revendique-un-investissement-de-777-milliards-de-fcfa-au-cameroun\/\">En 60 ans, l\u2019agence am\u00e9ricaine de d\u00e9veloppement revendique un investissement de 777 milliards de FCFA au Cameroun<\/a><\/strong><\/p>\n<p>L\u2019article <a rel=\"nofollow\" href=\"https:\/\/ecomatin.net\/la-covid-19-retarde-un-financement-etranger-dun-milliard-de-fcfa-en-faveur-de-lirad\/\">La Covid-19 retarde un financement \u00e9tranger d\u2019un milliard de FCFA en faveur de l\u2019Irad<\/a> est apparu en premier sur <a rel=\"nofollow\" href=\"https:\/\/ecomatin.net\/\">EcoMatin<\/a>.<\/p>\n<\/div>\n<p>Auteur: Yannick KENNE<br \/>\n<a href=\"https:\/\/ecomatin.net\/la-covid-19-retarde-un-financement-etranger-dun-milliard-de-fcfa-en-faveur-de-lirad\/\">Cliquez ici pour lire l&rsquo;article depuis sa source.<\/a><\/p>\n","protected":false},"excerpt":{"rendered":"<p>L\u2019une des innovations de l\u2019\u00e9dition 2020 du rapport de la Commission technique de R\u00e9habilitation des entreprises du secteur public et parapublic, sur la situation des entreprises publiques et des \u00e9tablissements publics, est qu\u2019elle a int\u00e9gr\u00e9 pour la premi\u00e8re fois l\u2019analyse de la gestion de quelques Missions de D\u00e9veloppement et des instituts de recherche, en l\u2019occurrence [&hellip;]<\/p>\n","protected":false},"author":1969,"featured_media":0,"comment_status":"closed","ping_status":"closed","sticky":false,"template":"","format":"standard","meta":{"fifu_image_url":"","fifu_image_alt":"","footnotes":""},"categories":[82,78],"tags":[],"class_list":["post-139621","post","type-post","status-publish","format-standard","hentry","category-cameroun","category-economie"],"_links":{"self":[{"href":"https:\/\/linitiative.ca\/International\/wp-json\/wp\/v2\/posts\/139621","targetHints":{"allow":["GET"]}}],"collection":[{"href":"https:\/\/linitiative.ca\/International\/wp-json\/wp\/v2\/posts"}],"about":[{"href":"https:\/\/linitiative.ca\/International\/wp-json\/wp\/v2\/types\/post"}],"author":[{"embeddable":true,"href":"https:\/\/linitiative.ca\/International\/wp-json\/wp\/v2\/users\/1969"}],"replies":[{"embeddable":true,"href":"https:\/\/linitiative.ca\/International\/wp-json\/wp\/v2\/comments?post=139621"}],"version-history":[{"count":0,"href":"https:\/\/linitiative.ca\/International\/wp-json\/wp\/v2\/posts\/139621\/revisions"}],"wp:attachment":[{"href":"https:\/\/linitiative.ca\/International\/wp-json\/wp\/v2\/media?parent=139621"}],"wp:term":[{"taxonomy":"category","embeddable":true,"href":"https:\/\/linitiative.ca\/International\/wp-json\/wp\/v2\/categories?post=139621"},{"taxonomy":"post_tag","embeddable":true,"href":"https:\/\/linitiative.ca\/International\/wp-json\/wp\/v2\/tags?post=139621"}],"curies":[{"name":"wp","href":"https:\/\/api.w.org\/{rel}","templated":true}]}}