{"id":139628,"date":"2022-01-28T09:21:54","date_gmt":"2022-01-28T14:21:54","guid":{"rendered":"https:\/\/linitiative.ca\/International\/ram-annonce-la-reprise-de-ses-vols-reguliers-internationaux-a-partir-du-07-fevrier\/"},"modified":"2022-01-28T09:21:54","modified_gmt":"2022-01-28T14:21:54","slug":"ram-annonce-la-reprise-de-ses-vols-reguliers-internationaux-a-partir-du-07-fevrier","status":"publish","type":"post","link":"https:\/\/linitiative.ca\/International\/ram-annonce-la-reprise-de-ses-vols-reguliers-internationaux-a-partir-du-07-fevrier\/","title":{"rendered":"RAM annonce la reprise de ses vols r\u00e9guliers internationaux \u00e0 partir du 07 f\u00e9vrier"},"content":{"rendered":"<div>\n<p><img loading=\"lazy\" decoding=\"async\" width=\"300\" height=\"153\" src=\"https:\/\/linitiative.ca\/International\/wp-content\/uploads\/sites\/23\/2022\/01\/RAM-Royal-air-Maroc-300x153-1.jpg\" class=\"attachment-medium size-medium wp-post-image\" alt=\"\" srcset=\"https:\/\/linitiative.ca\/International\/wp-content\/uploads\/sites\/23\/2022\/01\/RAM-Royal-air-Maroc-300x153-1.jpg 300w, https:\/\/aujourdhui.ma\/wp-content\/uploads\/2021\/10\/RAM-Royal-air-Maroc-274x140.jpg 274w, https:\/\/aujourdhui.ma\/wp-content\/uploads\/2021\/10\/RAM-Royal-air-Maroc.jpg 746w, https:\/\/aujourdhui.ma\/wp-content\/uploads\/2021\/10\/RAM-Royal-air-Maroc-165x84.jpg 165w, https:\/\/aujourdhui.ma\/wp-content\/uploads\/2021\/10\/RAM-Royal-air-Maroc-702x358.jpg 702w\" sizes=\"auto, (max-width: 300px) 100vw, 300px\"><\/p>\n<p><strong>Royal Air Maroc (RAM) a annonc\u00e9, vendredi, la reprise de ses vols r\u00e9guliers internationaux \u00e0 partir du lundi 07 f\u00e9vrier 2022, en r\u00e9f\u00e9rence au communiqu\u00e9 du gouvernement autorisant la r\u00e9ouverture de l\u2019espace a\u00e9rien aux vols au d\u00e9part et \u00e0 destination du Maroc.<\/strong> <span id=\"more-398570\"><\/span><\/p>\n<p>La compagnie nationale qui op\u00e9rait jusque-l\u00e0 des vols sp\u00e9ciaux sur un nombre tr\u00e8s limit\u00e9 de destinations internationales, r\u00e9tablira d\u00e9sormais toutes les lignes r\u00e9guli\u00e8res de son r\u00e9seau, indique un communiqu\u00e9 de la RAM. Le programme des vols comprendra ainsi des vols directs reliant le Maroc \u00e0 une cinquantaine d\u2019a\u00e9roports en Europe, en Afrique, en Am\u00e9rique, au Moyen Orient et en Asie, ajoute la compagnie nationale.<\/p>\n<p>Afin d\u2019accompagner ses clients dans le cadre de la reprise du trafic international, Royal Air Maroc renforcera son programme de vols avec une augmentation graduelle du nombre de fr\u00e9quences et de destinations, note le communiqu\u00e9, faisant savoir que la Compagnie op\u00e9rera ces vols dans le strict respect des conditions requises par les pouvoirs publics qui seront annonc\u00e9es ult\u00e9rieurement, afin de garantir la sant\u00e9 et la s\u00e9curit\u00e9 de ses clients et de son personnel. Et de souligner que toutes les composantes de la Compagnie sont totalement mobilis\u00e9es pour r\u00e9ussir une reprise des vols dans les meilleures conditions d\u2019efficacit\u00e9, de qualit\u00e9 et de s\u00fbret\u00e9.<\/p>\n<p>RAM fait savoir, en outre, que les vols sont disponibles \u00e0 la vente sur le site Internet de la compagnie \u00ab\u00a0<a href=\"http:\/\/www.royalairmaroc.com\/\">www.royalairmaroc.com<\/a>\u00ab\u00a0, via ses centres d\u2019appel et ses agences commerciales ainsi que sur le r\u00e9seau des agences de voyages. Par ailleurs, Royal Air Maroc continuera \u00e0 programmer, sur la p\u00e9riode allant du 28 janvier au 06 f\u00e9vrier, des vols sp\u00e9ciaux au d\u00e9part du Maroc vers les destinations suivantes, Paris, Bruxelles, Milan, Barcelone et Madrid, conclut le communiqu\u00e9<\/p>\n<\/div>\n<p>Auteur: ALM<br \/>\n<a href=\"https:\/\/aujourdhui.ma\/actualite\/ram-annonce-la-reprise-de-ses-vols-reguliers-internationaux-a-partir-du-07-fevrier\">Cliquez ici pour lire l&rsquo;article depuis sa source.<\/a><\/p>\n","protected":false},"excerpt":{"rendered":"<p>Royal Air Maroc (RAM) a annonc\u00e9, vendredi, la reprise de ses vols r\u00e9guliers internationaux \u00e0 partir du lundi 07 f\u00e9vrier 2022, en r\u00e9f\u00e9rence au communiqu\u00e9 du gouvernement autorisant la r\u00e9ouverture de l\u2019espace a\u00e9rien aux vols au d\u00e9part et \u00e0 destination du Maroc. La compagnie nationale qui op\u00e9rait jusque-l\u00e0 des vols sp\u00e9ciaux sur un nombre tr\u00e8s [&hellip;]<\/p>\n","protected":false},"author":1759,"featured_media":0,"comment_status":"closed","ping_status":"closed","sticky":false,"template":"","format":"standard","meta":{"fifu_image_url":"https:\/\/aujourdhui.ma\/wp-content\/uploads\/2021\/10\/RAM-Royal-air-Maroc-300x153.jpg","fifu_image_alt":"RAM annonce la reprise de ses vols r\u00e9guliers internationaux \u00e0 partir du 07 f\u00e9vrier","footnotes":""},"categories":[73,54],"tags":[],"class_list":["post-139628","post","type-post","status-publish","format-standard","hentry","category-actualite","category-maroc"],"_links":{"self":[{"href":"https:\/\/linitiative.ca\/International\/wp-json\/wp\/v2\/posts\/139628","targetHints":{"allow":["GET"]}}],"collection":[{"href":"https:\/\/linitiative.ca\/International\/wp-json\/wp\/v2\/posts"}],"about":[{"href":"https:\/\/linitiative.ca\/International\/wp-json\/wp\/v2\/types\/post"}],"author":[{"embeddable":true,"href":"https:\/\/linitiative.ca\/International\/wp-json\/wp\/v2\/users\/1759"}],"replies":[{"embeddable":true,"href":"https:\/\/linitiative.ca\/International\/wp-json\/wp\/v2\/comments?post=139628"}],"version-history":[{"count":0,"href":"https:\/\/linitiative.ca\/International\/wp-json\/wp\/v2\/posts\/139628\/revisions"}],"wp:attachment":[{"href":"https:\/\/linitiative.ca\/International\/wp-json\/wp\/v2\/media?parent=139628"}],"wp:term":[{"taxonomy":"category","embeddable":true,"href":"https:\/\/linitiative.ca\/International\/wp-json\/wp\/v2\/categories?post=139628"},{"taxonomy":"post_tag","embeddable":true,"href":"https:\/\/linitiative.ca\/International\/wp-json\/wp\/v2\/tags?post=139628"}],"curies":[{"name":"wp","href":"https:\/\/api.w.org\/{rel}","templated":true}]}}