{"id":139638,"date":"2022-01-28T10:55:48","date_gmt":"2022-01-28T15:55:48","guid":{"rendered":"https:\/\/linitiative.ca\/International\/majorel-simplante-au-ghana\/"},"modified":"2022-01-28T10:55:48","modified_gmt":"2022-01-28T15:55:48","slug":"majorel-simplante-au-ghana","status":"publish","type":"post","link":"https:\/\/linitiative.ca\/International\/majorel-simplante-au-ghana\/","title":{"rendered":"Majorel s\u2019implante au Ghana"},"content":{"rendered":"<div>\n<p><img loading=\"lazy\" decoding=\"async\" width=\"300\" height=\"153\" src=\"https:\/\/linitiative.ca\/International\/wp-content\/uploads\/sites\/23\/2022\/01\/Majorel-300x153-1.jpg\" class=\"attachment-medium size-medium wp-post-image\" alt=\"\" srcset=\"https:\/\/linitiative.ca\/International\/wp-content\/uploads\/sites\/23\/2022\/01\/Majorel-300x153-1.jpg 300w, https:\/\/aujourdhui.ma\/wp-content\/uploads\/2022\/01\/Majorel-274x140.jpg 274w, https:\/\/aujourdhui.ma\/wp-content\/uploads\/2022\/01\/Majorel.jpg 746w, https:\/\/aujourdhui.ma\/wp-content\/uploads\/2022\/01\/Majorel-165x84.jpg 165w, https:\/\/aujourdhui.ma\/wp-content\/uploads\/2022\/01\/Majorel-702x358.jpg 702w\" sizes=\"auto, (max-width: 300px) 100vw, 300px\"><\/p>\n<p><span style=\"font-size: 20px; color: #800000;\"><strong>Majorel Group Luxembourg S.A poursuit son d\u00e9veloppement en Afrique. L\u2019acteur de l\u2019exp\u00e9rience client externalis\u00e9e a choisi de s\u2019implanter au Ghana consolidant ainsi son positionnement \u00e0 l\u2019\u00e9chelle continentale.<\/strong> <\/span><span id=\"more-398521\"><\/span><\/p>\n<p>\u00ab L\u2019\u00e9tablissement d\u2019op\u00e9rations au Ghana est une \u00e9tape importante dans l\u2019expansion de notre capacitaire de production en Afrique et s\u2019inscrit dans le cadre de nos fortes ambitions de croissance. Nous sommes impatients de d\u00e9velopper les activit\u00e9s de Majorel au Ghana qui vont permettre d\u2019\u00e9tendre davantage encore notre footprint g\u00e9ographique et renforcer notre position CX leader mondial.<\/p>\n<p>Bienvenue aux nouvelles \u00e9quipes d\u2019Accra\u00bb, d\u00e9clare Thomas Mackenbrock, CEO de Majorel. Le nouveau site de Majorel \u00e0 Accra s\u2019appuie sur un bassin d\u2019emploi dynamique avec des talents locaux qualifi\u00e9s, des infrastructures solides et dans un environnement \u00e9conomique en forte croissance. Avec cette nouvelle implantation au Ghana, Majorel pr\u00e9voit de cr\u00e9er plusieurs centaines de nouveaux emplois, principalement en langue anglaise.<\/p>\n<\/div>\n<p>Auteur: ALM<br \/>\n<a href=\"https:\/\/aujourdhui.ma\/emploi\/majorel-simplante-au-ghana\">Cliquez ici pour lire l&rsquo;article depuis sa source.<\/a><\/p>\n","protected":false},"excerpt":{"rendered":"<p>Majorel Group Luxembourg S.A poursuit son d\u00e9veloppement en Afrique. L\u2019acteur de l\u2019exp\u00e9rience client externalis\u00e9e a choisi de s\u2019implanter au Ghana consolidant ainsi son positionnement \u00e0 l\u2019\u00e9chelle continentale. \u00ab L\u2019\u00e9tablissement d\u2019op\u00e9rations au Ghana est une \u00e9tape importante dans l\u2019expansion de notre capacitaire de production en Afrique et s\u2019inscrit dans le cadre de nos fortes ambitions de [&hellip;]<\/p>\n","protected":false},"author":1759,"featured_media":0,"comment_status":"closed","ping_status":"closed","sticky":false,"template":"","format":"standard","meta":{"fifu_image_url":"https:\/\/aujourdhui.ma\/wp-content\/uploads\/2022\/01\/Majorel-300x153.jpg","fifu_image_alt":"Majorel s\u2019implante au Ghana","footnotes":""},"categories":[73,54],"tags":[],"class_list":["post-139638","post","type-post","status-publish","format-standard","hentry","category-actualite","category-maroc"],"_links":{"self":[{"href":"https:\/\/linitiative.ca\/International\/wp-json\/wp\/v2\/posts\/139638","targetHints":{"allow":["GET"]}}],"collection":[{"href":"https:\/\/linitiative.ca\/International\/wp-json\/wp\/v2\/posts"}],"about":[{"href":"https:\/\/linitiative.ca\/International\/wp-json\/wp\/v2\/types\/post"}],"author":[{"embeddable":true,"href":"https:\/\/linitiative.ca\/International\/wp-json\/wp\/v2\/users\/1759"}],"replies":[{"embeddable":true,"href":"https:\/\/linitiative.ca\/International\/wp-json\/wp\/v2\/comments?post=139638"}],"version-history":[{"count":0,"href":"https:\/\/linitiative.ca\/International\/wp-json\/wp\/v2\/posts\/139638\/revisions"}],"wp:attachment":[{"href":"https:\/\/linitiative.ca\/International\/wp-json\/wp\/v2\/media?parent=139638"}],"wp:term":[{"taxonomy":"category","embeddable":true,"href":"https:\/\/linitiative.ca\/International\/wp-json\/wp\/v2\/categories?post=139638"},{"taxonomy":"post_tag","embeddable":true,"href":"https:\/\/linitiative.ca\/International\/wp-json\/wp\/v2\/tags?post=139638"}],"curies":[{"name":"wp","href":"https:\/\/api.w.org\/{rel}","templated":true}]}}