{"id":13964,"date":"2019-02-13T18:40:00","date_gmt":"2019-02-13T23:40:00","guid":{"rendered":"https:\/\/linitiative.ca\/International\/unesco-sadika-keskes-elue-vice-presidente-du-conseil-dadministration-du-fipc-a-paris\/"},"modified":"2019-02-13T18:40:00","modified_gmt":"2019-02-13T23:40:00","slug":"unesco-sadika-keskes-elue-vice-presidente-du-conseil-dadministration-du-fipc-a-paris","status":"publish","type":"post","link":"https:\/\/linitiative.ca\/International\/unesco-sadika-keskes-elue-vice-presidente-du-conseil-dadministration-du-fipc-a-paris\/","title":{"rendered":"<div>Unesco &#8211; Sadika Keskes, \u00e9lue vice-pr\u00e9sidente du Conseil d&rsquo;administration du FIPC \u00e0 Paris<\/div>"},"content":{"rendered":"<p>Artiste multidimensionnelle, Sadika Keskes participe ce vendredi au si\u00e8ge de l\u2019Unesco \u00e0 la premi\u00e8re r\u00e9union du conseil d\u2019administration du Fonds International pour la Promotion de la Culture (FIPC). La directrice g\u00e9n\u00e9rale de l\u2019Organisation, Audrey Azoulay, l\u2019avait d\u00e9sign\u00e9e le 26 juillet 2018, membre du Conseil en reconnaissance \u00e0 sa grande exp\u00e9rience dans le domaine des arts et de la culture, \u00e0 sa renomm\u00e9e internationale et \u00e0 ses efforts en vue de faire revivre l\u2019expression culturelle en g\u00e9n\u00e9ral et le travail du verre souffl\u00e9 en particulier. Elle fait partie de huit personnalit\u00e9s \u00e9minentes et ind\u00e9pendantes d\u00e9sign\u00e9es membres dont les comp\u00e9tences et les r\u00e9alisations dans les domaines de l\u2019art et de la culture sont reconnues au niveau international, et qui si\u00e8gent \u00e0 titre personnel. Le conseil devant \u00e9lire un pr\u00e9sident et deux vice-pr\u00e9sident, Maria Elisa Vel\u00e2zquez Guti\u00e9rrez a \u00e9t\u00e9 \u00e9lue pr\u00e9sidente, Sadika Keskes et Mary M. Khimulu ont \u00e9t\u00e9 \u00e9lues Vice-pr\u00e9sidente<br \/>Apr\u00e8s une interruption de ses activit\u00e9s (2006 \u2013 2013), l\u2019action du Fonds international pour la promotion de la culture a progressivement red\u00e9marr\u00e9 gr\u00e2ce aux amendements apport\u00e9es \u00e0 ses Statuts par la 187\u00e8me session du Conseil Ex\u00e9cutif de l\u2019UNESCO et la composition de son nouveau Conseil d\u2019Administration.<\/p>\n<p>\u00a0\u00bbIl est ind\u00e9niable, d\u00e9clare \u00e0 <em><strong>Leaders,<\/strong><\/em> l&rsquo;Ambassadeur, Ghazi Ghera\u00efri, D\u00e9l\u00e9gu\u00e9 Permanent de la R\u00e9publique Tunisienne aupr\u00e8s de l\u2019UNESCO, que Sadika Keskes portera haut les valeurs et missions du FIPC qui ne sont rien d\u2019autres que les siens, \u00e0 savoir la culture en tant que source de connaissance, de sens, de valeurs et d\u2019identit\u00e9, la cr\u00e9ativit\u00e9 artistique sous toutes ses formes, dans le respect de la libert\u00e9 d\u2019expression.\u00a0\u00bb<\/p>\n<p>Le FIPC qui a \u00e9t\u00e9 cr\u00e9\u00e9 par la Conf\u00e9rence G\u00e9n\u00e9rale de l\u2019UNESCO en 1974 cofinance des projets qui favorisent la cr\u00e9ativit\u00e9 artistique et la coop\u00e9ration internationale et r\u00e9gionale. Priorit\u00e9 est donn\u00e9e aux jeunes artistes\/cr\u00e9ateurs (18-30 ans), aux projets qui profitent \u00e0 la jeunesse et aux projets issus de pays en d\u00e9veloppement ou profitant \u00e0 ces pays. Il vise \u00e0 soutenir les projets culturels et artistiques des cr\u00e9ateurs dans les pays en d\u00e9veloppement ; appuyer les strat\u00e9gies et les programmes en mati\u00e8re de culture et de d\u00e9veloppement ; renforcer les m\u00e9canismes, structures et \u00e9quipements nationaux dont l\u2019objectif est de soutenir les activit\u00e9s culturelles et les cr\u00e9ateurs artistiques dans les pays en d\u00e9veloppement ; favoriser les \u00e9changes pour d\u00e9velopper la coop\u00e9ration internationale.<\/p>\n<p>Les ressources du Fonds sont constitu\u00e9es de contributions volontaires de gouvernements, d\u2019organisations et d\u2019organismes internationaux ou nationaux, ainsi que d\u2019autres entit\u00e9s et personnes publiques ou priv\u00e9es ; les dotations, dons et legs consentis \u00e0 des fins compatibles avec le Fonds ; les int\u00e9r\u00eats provenant des ressources du Fonds, y compris tout int\u00e9r\u00eat produit par des placements ; toutes autres ressources autoris\u00e9es par le R\u00e8glement financier de l&rsquo;UNESCO ou par les r\u00e9solutions de la Conf\u00e9rence g\u00e9n\u00e9rale.<br \/>\u00a0<br \/>\u00a0<\/p>\n<p>Auteur:<br \/>\n<a href=\"http:\/\/www.leaders.com.tn\/article\/26519-unesco-sadika-keskes-elue-vice-presidente-du-conseil-d-administration-du-fipc-a-paris\">Cliquez ici pour lire l&rsquo;article depuis sa source.<\/a><\/p>\n","protected":false},"excerpt":{"rendered":"<p>Artiste multidimensionnelle, Sadika Keskes participe ce vendredi au si\u00e8ge de l\u2019Unesco \u00e0 la premi\u00e8re r\u00e9union du conseil d\u2019administration du Fonds International pour la Promotion de la Culture (FIPC). La directrice g\u00e9n\u00e9rale de l\u2019Organisation, Audrey Azoulay, l\u2019avait d\u00e9sign\u00e9e le 26 juillet 2018, membre du Conseil en reconnaissance \u00e0 sa grande exp\u00e9rience dans le domaine des arts [&hellip;]<\/p>\n","protected":false},"author":1772,"featured_media":0,"comment_status":"closed","ping_status":"closed","sticky":false,"template":"","format":"standard","meta":{"fifu_image_url":"","fifu_image_alt":"","footnotes":""},"categories":[73,55],"tags":[],"class_list":["post-13964","post","type-post","status-publish","format-standard","hentry","category-actualite","category-tunisie"],"_links":{"self":[{"href":"https:\/\/linitiative.ca\/International\/wp-json\/wp\/v2\/posts\/13964","targetHints":{"allow":["GET"]}}],"collection":[{"href":"https:\/\/linitiative.ca\/International\/wp-json\/wp\/v2\/posts"}],"about":[{"href":"https:\/\/linitiative.ca\/International\/wp-json\/wp\/v2\/types\/post"}],"author":[{"embeddable":true,"href":"https:\/\/linitiative.ca\/International\/wp-json\/wp\/v2\/users\/1772"}],"replies":[{"embeddable":true,"href":"https:\/\/linitiative.ca\/International\/wp-json\/wp\/v2\/comments?post=13964"}],"version-history":[{"count":0,"href":"https:\/\/linitiative.ca\/International\/wp-json\/wp\/v2\/posts\/13964\/revisions"}],"wp:attachment":[{"href":"https:\/\/linitiative.ca\/International\/wp-json\/wp\/v2\/media?parent=13964"}],"wp:term":[{"taxonomy":"category","embeddable":true,"href":"https:\/\/linitiative.ca\/International\/wp-json\/wp\/v2\/categories?post=13964"},{"taxonomy":"post_tag","embeddable":true,"href":"https:\/\/linitiative.ca\/International\/wp-json\/wp\/v2\/tags?post=13964"}],"curies":[{"name":"wp","href":"https:\/\/api.w.org\/{rel}","templated":true}]}}