{"id":139643,"date":"2022-01-28T11:12:00","date_gmt":"2022-01-28T16:12:00","guid":{"rendered":"https:\/\/linitiative.ca\/International\/deux-militaires-tombent-au-champ-dhonneur-sur-la-bande-frontaliere-hassi-tiririne-a-in-guezzam\/"},"modified":"2022-01-28T11:12:00","modified_gmt":"2022-01-28T16:12:00","slug":"deux-militaires-tombent-au-champ-dhonneur-sur-la-bande-frontaliere-hassi-tiririne-a-in-guezzam","status":"publish","type":"post","link":"https:\/\/linitiative.ca\/International\/deux-militaires-tombent-au-champ-dhonneur-sur-la-bande-frontaliere-hassi-tiririne-a-in-guezzam\/","title":{"rendered":"Deux militaires tombent au champ d\u2019honneur sur la bande frontali\u00e8re Hassi Tiririne \u00e0 In Guezzam"},"content":{"rendered":"<div>Deux militaires, le sous-lieutenant de carri\u00e8re Merbah Eddine Sidhom et le caporal contractuel Nassim Benalioua, sont tomb\u00e9s au champ d\u2019honneur, jeudi soir, suite \u00e0 un accrochage avec un groupe\u00a0terroriste sur la bande frontali\u00e8re de Hassi Tiririne \u00e0<\/div>\n<p>Auteur:<br \/>\n<a href=\"https:\/\/www.liberte-algerie.com\/actualite\/deux-militaires-tombent-au-champ-dhonneur-sur-la-bande-frontaliere-hassi-tiririne-a-in-guezzam-372358\">Cliquez ici pour lire l&rsquo;article depuis sa source.<\/a><\/p>\n","protected":false},"excerpt":{"rendered":"<p>Deux militaires, le sous-lieutenant de carri\u00e8re Merbah Eddine Sidhom et le caporal contractuel Nassim Benalioua, sont tomb\u00e9s au champ d\u2019honneur, jeudi soir, suite \u00e0 un accrochage avec un groupe\u00a0terroriste sur la bande frontali\u00e8re de Hassi Tiririne \u00e0 Auteur: Cliquez ici pour lire l&rsquo;article depuis sa source.<\/p>\n","protected":false},"author":1742,"featured_media":0,"comment_status":"closed","ping_status":"closed","sticky":false,"template":"","format":"standard","meta":{"fifu_image_url":"","fifu_image_alt":"","footnotes":""},"categories":[73,53],"tags":[],"class_list":["post-139643","post","type-post","status-publish","format-standard","hentry","category-actualite","category-algerie"],"_links":{"self":[{"href":"https:\/\/linitiative.ca\/International\/wp-json\/wp\/v2\/posts\/139643","targetHints":{"allow":["GET"]}}],"collection":[{"href":"https:\/\/linitiative.ca\/International\/wp-json\/wp\/v2\/posts"}],"about":[{"href":"https:\/\/linitiative.ca\/International\/wp-json\/wp\/v2\/types\/post"}],"author":[{"embeddable":true,"href":"https:\/\/linitiative.ca\/International\/wp-json\/wp\/v2\/users\/1742"}],"replies":[{"embeddable":true,"href":"https:\/\/linitiative.ca\/International\/wp-json\/wp\/v2\/comments?post=139643"}],"version-history":[{"count":0,"href":"https:\/\/linitiative.ca\/International\/wp-json\/wp\/v2\/posts\/139643\/revisions"}],"wp:attachment":[{"href":"https:\/\/linitiative.ca\/International\/wp-json\/wp\/v2\/media?parent=139643"}],"wp:term":[{"taxonomy":"category","embeddable":true,"href":"https:\/\/linitiative.ca\/International\/wp-json\/wp\/v2\/categories?post=139643"},{"taxonomy":"post_tag","embeddable":true,"href":"https:\/\/linitiative.ca\/International\/wp-json\/wp\/v2\/tags?post=139643"}],"curies":[{"name":"wp","href":"https:\/\/api.w.org\/{rel}","templated":true}]}}