{"id":139644,"date":"2022-01-27T17:51:06","date_gmt":"2022-01-27T22:51:06","guid":{"rendered":"https:\/\/linitiative.ca\/International\/reouverture-a-partir-du-7-fevrier-de-lespace-aerien-du-royaume\/"},"modified":"2022-01-27T17:51:06","modified_gmt":"2022-01-27T22:51:06","slug":"reouverture-a-partir-du-7-fevrier-de-lespace-aerien-du-royaume","status":"publish","type":"post","link":"https:\/\/linitiative.ca\/International\/reouverture-a-partir-du-7-fevrier-de-lespace-aerien-du-royaume\/","title":{"rendered":"R\u00e9ouverture, \u00e0 partir du 7 f\u00e9vrier, de l\u2019espace a\u00e9rien du Royaume"},"content":{"rendered":"<div>\n<div style=\"margin-bottom:20px;\"><img loading=\"lazy\" decoding=\"async\" width=\"750\" height=\"430\" src=\"https:\/\/linitiative.ca\/International\/wp-content\/uploads\/sites\/23\/2022\/01\/Avion-de-Royal-Air-Maroc-Oujda-M750C397430-MAP.jpg\" class=\"attachment-post-thumbnail size-post-thumbnail wp-post-image\" alt=\"\" srcset=\"https:\/\/linitiative.ca\/International\/wp-content\/uploads\/sites\/23\/2022\/01\/Avion-de-Royal-Air-Maroc-Oujda-M750C397430-MAP.jpg 750w, https:\/\/www.mapoujda.ma\/map\/uploads\/2021\/02\/Avion-de-Royal-Air-Maroc-Oujda-M750\u00d7430-MAP-300x172.jpg 300w\" sizes=\"auto, (max-width: 750px) 100vw, 750px\"><\/div>\n<div>\n<p style=\"text-align: justify;\">Le gouvernement a annonc\u00e9 jeudi la r\u00e9ouverture \u00e0 partir du 7 f\u00e9vrier 2022 de l\u2019espace a\u00e9rien aux vols au d\u00e9part et \u00e0 destination du Maroc.<\/p>\n<p style=\"text-align: justify;\">Cette d\u00e9cision intervient conform\u00e9ment aux dispositions juridiques relatives \u00e0 la gestion de l\u2019\u00e9tat d\u2019urgence sanitaire et suite aux recommandations de la commission scientifique et technique et prenant en consid\u00e9ration l\u2019\u00e9volution de la situation \u00e9pid\u00e9miologique dans le Royaume, pr\u00e9cise le gouvernement dans un communiqu\u00e9.<\/p>\n<p style=\"text-align: justify;\">Pour accompagner la mise en oeuvre de cette d\u00e9cision, une commission technique se penche actuellement sur l\u2019examen des mesures \u00e0 adopter au niveau des postes fronti\u00e8res et les conditions requises pour les voyageurs, qui seront annonc\u00e9es ult\u00e9rieurement, indique la m\u00eame source.<\/p>\n<p style=\"text-align: justify;\">R\u00e9it\u00e9rant son appel aux citoyennes et citoyens \u00e0 poursuivre le respect strict de l\u2019ensemble des mesures pr\u00e9ventives et des directives des autorit\u00e9s publiques \u00e0 ce sujet, le gouvernement invite \u00e0 prendre rapidement les doses pr\u00e9vues et \u00e0 parachever le sch\u00e9ma vaccinal, notamment par la troisi\u00e8me dose, comme comportement traduisant la \u00ab\u00a0solidarit\u00e9 nationale\u00a0\u00bb pour faire face \u00e0 cette pand\u00e9mie.<\/p>\n<\/div>\n<p>L\u2019article <a rel=\"nofollow\" href=\"https:\/\/www.mapoujda.ma\/fr\/reouverture-a-partir-du-7-fevrier-de-lespace-aerien-du-royaume\/\">R\u00e9ouverture, \u00e0 partir du 7 f\u00e9vrier, de l\u2019espace a\u00e9rien du Royaume<\/a> est apparu en premier sur <a rel=\"nofollow\" href=\"https:\/\/www.mapoujda.ma\/fr\">MapOujda<\/a>.<\/p>\n<\/div>\n<p>Auteur: Soufiane ELAHMAR<br \/>\n<a href=\"https:\/\/www.mapoujda.ma\/fr\/reouverture-a-partir-du-7-fevrier-de-lespace-aerien-du-royaume\/\">Cliquez ici pour lire l&rsquo;article depuis sa source.<\/a><\/p>\n","protected":false},"excerpt":{"rendered":"<p>Le gouvernement a annonc\u00e9 jeudi la r\u00e9ouverture \u00e0 partir du 7 f\u00e9vrier 2022 de l\u2019espace a\u00e9rien aux vols au d\u00e9part et \u00e0 destination du Maroc. Cette d\u00e9cision intervient conform\u00e9ment aux dispositions juridiques relatives \u00e0 la gestion de l\u2019\u00e9tat d\u2019urgence sanitaire et suite aux recommandations de la commission scientifique et technique et prenant en consid\u00e9ration l\u2019\u00e9volution [&hellip;]<\/p>\n","protected":false},"author":1788,"featured_media":0,"comment_status":"closed","ping_status":"closed","sticky":false,"template":"","format":"standard","meta":{"fifu_image_url":"https:\/\/www.mapoujda.ma\/map\/uploads\/2021\/02\/Avion-de-Royal-Air-Maroc-Oujda-M750\u00d7430-MAP.jpg","fifu_image_alt":"R\u00e9ouverture, \u00e0 partir du 7 f\u00e9vrier, de l\u2019espace a\u00e9rien du Royaume","footnotes":""},"categories":[54,76],"tags":[],"class_list":["post-139644","post","type-post","status-publish","format-standard","hentry","category-maroc","category-regions"],"_links":{"self":[{"href":"https:\/\/linitiative.ca\/International\/wp-json\/wp\/v2\/posts\/139644","targetHints":{"allow":["GET"]}}],"collection":[{"href":"https:\/\/linitiative.ca\/International\/wp-json\/wp\/v2\/posts"}],"about":[{"href":"https:\/\/linitiative.ca\/International\/wp-json\/wp\/v2\/types\/post"}],"author":[{"embeddable":true,"href":"https:\/\/linitiative.ca\/International\/wp-json\/wp\/v2\/users\/1788"}],"replies":[{"embeddable":true,"href":"https:\/\/linitiative.ca\/International\/wp-json\/wp\/v2\/comments?post=139644"}],"version-history":[{"count":0,"href":"https:\/\/linitiative.ca\/International\/wp-json\/wp\/v2\/posts\/139644\/revisions"}],"wp:attachment":[{"href":"https:\/\/linitiative.ca\/International\/wp-json\/wp\/v2\/media?parent=139644"}],"wp:term":[{"taxonomy":"category","embeddable":true,"href":"https:\/\/linitiative.ca\/International\/wp-json\/wp\/v2\/categories?post=139644"},{"taxonomy":"post_tag","embeddable":true,"href":"https:\/\/linitiative.ca\/International\/wp-json\/wp\/v2\/tags?post=139644"}],"curies":[{"name":"wp","href":"https:\/\/api.w.org\/{rel}","templated":true}]}}