{"id":139646,"date":"2022-01-28T09:04:47","date_gmt":"2022-01-28T14:04:47","guid":{"rendered":"https:\/\/linitiative.ca\/International\/lancement-du-premier-test-de-diagnostic-de-la-tuberculose-100-marocain\/"},"modified":"2022-01-28T09:04:47","modified_gmt":"2022-01-28T14:04:47","slug":"lancement-du-premier-test-de-diagnostic-de-la-tuberculose-100-marocain","status":"publish","type":"post","link":"https:\/\/linitiative.ca\/International\/lancement-du-premier-test-de-diagnostic-de-la-tuberculose-100-marocain\/","title":{"rendered":"Lancement du premier test de diagnostic de la tuberculose 100% marocain"},"content":{"rendered":"<div>\n<div style=\"margin-bottom:20px;\"><img loading=\"lazy\" decoding=\"async\" width=\"750\" height=\"430\" src=\"https:\/\/linitiative.ca\/International\/wp-content\/uploads\/sites\/23\/2022\/01\/Affiche-de-du-premier-test-de-diagnostic-de-la-tuberculose-750C397430.jpg\" class=\"attachment-post-thumbnail size-post-thumbnail wp-post-image\" alt=\"\" srcset=\"https:\/\/linitiative.ca\/International\/wp-content\/uploads\/sites\/23\/2022\/01\/Affiche-de-du-premier-test-de-diagnostic-de-la-tuberculose-750C397430.jpg 750w, https:\/\/www.mapoujda.ma\/map\/uploads\/2022\/01\/Affiche-de-du-premier-test-de-diagnostic-de-la-tuberculose-750\u00d7430-300x172.jpg 300w\" sizes=\"auto, (max-width: 750px) 100vw, 750px\"><\/div>\n<div>\n<p style=\"text-align: justify;\">Des chercheurs de la Fondation MAScIR ont d\u00e9velopp\u00e9 un test mol\u00e9culaire pour le d\u00e9pistage de la tuberculose, le premier test de diagnostic 100% marocain.<\/p>\n<p style=\"text-align: justify;\">Ce test \u00ab\u00a0pr\u00e9sente l\u2019avantage d\u2019\u00eatre pr\u00e9cis et rapide d\u00e9livrant des r\u00e9sultats en 30 minutes\u00a0\u00bb, indique, vendredi, un communiqu\u00e9 de la Fondation, qui rel\u00e8ve de l\u2019Universit\u00e9 Mohammed VI polytechnique.<\/p>\n<p style=\"text-align: justify;\">Baptis\u00e9 MAScIR TB SS-LAMP, ce test a \u00e9t\u00e9 valid\u00e9 par l\u2019Institut Pasteur du Maroc et enregistr\u00e9 aupr\u00e8s de la Direction des m\u00e9dicaments et de la pharmacie relevant du minist\u00e8re de la Sant\u00e9 et de la protection sociale.<\/p>\n<p style=\"text-align: justify;\">Coupl\u00e9 \u00e0 un dispositif digital mobile et connect\u00e9 (Rapid-LoopAmp-12), \u00e9galement d\u00e9velopp\u00e9 par les \u00e9quipes de la Fondation, le nouveau test \u00ab\u00a0constitue une solution qui facilite un diagnostic au plus proche des patients \u00e0 un co\u00fbt ma\u00eetris\u00e9\u00a0\u00bb, une solution actuellement en cours de labellisation CE.<\/p>\n<p style=\"text-align: justify;\">Au Maroc, la tuberculose demeure un probl\u00e8me de sant\u00e9 publique non n\u00e9gligeable avec plus de 29 mille nouveaux cas d\u00e9tect\u00e9s en 2020.<\/p>\n<p style=\"text-align: justify;\">En mars 2021, le minist\u00e8re de la Sant\u00e9 a annonc\u00e9 le lancement de l\u2019extension du plan strat\u00e9gique national de pr\u00e9vention et de contr\u00f4le de la tuberculose 2021\/2023, un programme qui s\u2019articule avec l\u2019initiative mondiale de l\u2019OMS appel\u00e9e \u00ab\u00a0Strat\u00e9gie pour mettre fin \u00e0 la tuberculose 2016\/2035\u00a0\u00bb.<\/p>\n<p style=\"text-align: justify;\">Cr\u00e9\u00e9e en 2007, la Fondation MAScIR vise la promotion et le d\u00e9veloppement de p\u00f4les de recherche technologique dans les domaines des mat\u00e9riaux et nanomat\u00e9riaux, de la biotechnologie, de la micro\u00e9lectronique, et des sciences de la vie.<\/p>\n<\/div>\n<p>L\u2019article <a rel=\"nofollow\" href=\"https:\/\/www.mapoujda.ma\/fr\/lancement-du-premier-test-de-diagnostic-de-la-tuberculose-100-marocain\/\">Lancement du premier test de diagnostic de la tuberculose 100% marocain<\/a> est apparu en premier sur <a rel=\"nofollow\" href=\"https:\/\/www.mapoujda.ma\/fr\">MapOujda<\/a>.<\/p>\n<\/div>\n<p>Auteur: Soufiane ELAHMAR<br \/>\n<a href=\"https:\/\/www.mapoujda.ma\/fr\/lancement-du-premier-test-de-diagnostic-de-la-tuberculose-100-marocain\/\">Cliquez ici pour lire l&rsquo;article depuis sa source.<\/a><\/p>\n","protected":false},"excerpt":{"rendered":"<p>Des chercheurs de la Fondation MAScIR ont d\u00e9velopp\u00e9 un test mol\u00e9culaire pour le d\u00e9pistage de la tuberculose, le premier test de diagnostic 100% marocain. Ce test \u00ab\u00a0pr\u00e9sente l\u2019avantage d\u2019\u00eatre pr\u00e9cis et rapide d\u00e9livrant des r\u00e9sultats en 30 minutes\u00a0\u00bb, indique, vendredi, un communiqu\u00e9 de la Fondation, qui rel\u00e8ve de l\u2019Universit\u00e9 Mohammed VI polytechnique. Baptis\u00e9 MAScIR TB [&hellip;]<\/p>\n","protected":false},"author":1788,"featured_media":0,"comment_status":"closed","ping_status":"closed","sticky":false,"template":"","format":"standard","meta":{"fifu_image_url":"https:\/\/www.mapoujda.ma\/map\/uploads\/2022\/01\/Affiche-de-du-premier-test-de-diagnostic-de-la-tuberculose-750\u00d7430.jpg","fifu_image_alt":"Lancement du premier test de diagnostic de la tuberculose 100% marocain","footnotes":""},"categories":[54,76],"tags":[],"class_list":["post-139646","post","type-post","status-publish","format-standard","hentry","category-maroc","category-regions"],"_links":{"self":[{"href":"https:\/\/linitiative.ca\/International\/wp-json\/wp\/v2\/posts\/139646","targetHints":{"allow":["GET"]}}],"collection":[{"href":"https:\/\/linitiative.ca\/International\/wp-json\/wp\/v2\/posts"}],"about":[{"href":"https:\/\/linitiative.ca\/International\/wp-json\/wp\/v2\/types\/post"}],"author":[{"embeddable":true,"href":"https:\/\/linitiative.ca\/International\/wp-json\/wp\/v2\/users\/1788"}],"replies":[{"embeddable":true,"href":"https:\/\/linitiative.ca\/International\/wp-json\/wp\/v2\/comments?post=139646"}],"version-history":[{"count":0,"href":"https:\/\/linitiative.ca\/International\/wp-json\/wp\/v2\/posts\/139646\/revisions"}],"wp:attachment":[{"href":"https:\/\/linitiative.ca\/International\/wp-json\/wp\/v2\/media?parent=139646"}],"wp:term":[{"taxonomy":"category","embeddable":true,"href":"https:\/\/linitiative.ca\/International\/wp-json\/wp\/v2\/categories?post=139646"},{"taxonomy":"post_tag","embeddable":true,"href":"https:\/\/linitiative.ca\/International\/wp-json\/wp\/v2\/tags?post=139646"}],"curies":[{"name":"wp","href":"https:\/\/api.w.org\/{rel}","templated":true}]}}