{"id":139650,"date":"2022-01-28T10:07:58","date_gmt":"2022-01-28T15:07:58","guid":{"rendered":"https:\/\/linitiative.ca\/International\/bin-el-ouidane-afoure-coupure-temporaire-de-la-circulation\/"},"modified":"2022-01-28T10:07:58","modified_gmt":"2022-01-28T15:07:58","slug":"bin-el-ouidane-afoure-coupure-temporaire-de-la-circulation","status":"publish","type":"post","link":"https:\/\/linitiative.ca\/International\/bin-el-ouidane-afoure-coupure-temporaire-de-la-circulation\/","title":{"rendered":"Bin El Ouidane-Afoure: Coupure temporaire de la circulation"},"content":{"rendered":"<div>\n<div class=\"field field-name-body field-type-text-with-summary field-label-hidden\">\n<div class=\"field-items\">\n<div class=\"field-item even\" property=\"content:encoded\">\n<p>Photo d&rsquo;illustration<br \/>\nLa circulation sera coup\u00e9e du 31 janvier \u00e0 10H00 au 5 f\u00e9vrier \u00e0 la m\u00eame heure, sur le tron\u00e7on routier reliant Bin El Ouidane \u00e0 Afourer de la route nationale n\u00b0 25 (ex route r\u00e9gionale n\u00b0 304), au niveau de la commune Afourer, a annonc\u00e9 le minist\u00e8re de l&rsquo;Equipement et de l\u2019Eau.<br \/>\nCette coupure va permettre la r\u00e9alisation des travaux de terrassement dans le cadre de l\u2019\u00e9largissement et du renforcement de ce tron\u00e7on, pr\u00e9cise le minist\u00e8re.<\/p>\n<\/div>\n<\/div>\n<\/div>\n<\/div>\n<p>Auteur: mbasraoui<br \/>\n<a href=\"https:\/\/www.leconomiste.com\/flash-infos\/bin-el-ouidane-afoure-coupure-temporaire-de-la-circulation\">Cliquez ici pour lire l&rsquo;article depuis sa source.<\/a><\/p>\n","protected":false},"excerpt":{"rendered":"<p>Photo d&rsquo;illustration La circulation sera coup\u00e9e du 31 janvier \u00e0 10H00 au 5 f\u00e9vrier \u00e0 la m\u00eame heure, sur le tron\u00e7on routier reliant Bin El Ouidane \u00e0 Afourer de la route nationale n\u00b0 25 (ex route r\u00e9gionale n\u00b0 304), au niveau de la commune Afourer, a annonc\u00e9 le minist\u00e8re de l&rsquo;Equipement et de l\u2019Eau. Cette [&hellip;]<\/p>\n","protected":false},"author":1763,"featured_media":0,"comment_status":"closed","ping_status":"closed","sticky":false,"template":"","format":"standard","meta":{"fifu_image_url":"","fifu_image_alt":"","footnotes":""},"categories":[78,54],"tags":[],"class_list":["post-139650","post","type-post","status-publish","format-standard","hentry","category-economie","category-maroc"],"_links":{"self":[{"href":"https:\/\/linitiative.ca\/International\/wp-json\/wp\/v2\/posts\/139650","targetHints":{"allow":["GET"]}}],"collection":[{"href":"https:\/\/linitiative.ca\/International\/wp-json\/wp\/v2\/posts"}],"about":[{"href":"https:\/\/linitiative.ca\/International\/wp-json\/wp\/v2\/types\/post"}],"author":[{"embeddable":true,"href":"https:\/\/linitiative.ca\/International\/wp-json\/wp\/v2\/users\/1763"}],"replies":[{"embeddable":true,"href":"https:\/\/linitiative.ca\/International\/wp-json\/wp\/v2\/comments?post=139650"}],"version-history":[{"count":0,"href":"https:\/\/linitiative.ca\/International\/wp-json\/wp\/v2\/posts\/139650\/revisions"}],"wp:attachment":[{"href":"https:\/\/linitiative.ca\/International\/wp-json\/wp\/v2\/media?parent=139650"}],"wp:term":[{"taxonomy":"category","embeddable":true,"href":"https:\/\/linitiative.ca\/International\/wp-json\/wp\/v2\/categories?post=139650"},{"taxonomy":"post_tag","embeddable":true,"href":"https:\/\/linitiative.ca\/International\/wp-json\/wp\/v2\/tags?post=139650"}],"curies":[{"name":"wp","href":"https:\/\/api.w.org\/{rel}","templated":true}]}}