{"id":139657,"date":"2022-01-28T13:16:00","date_gmt":"2022-01-28T18:16:00","guid":{"rendered":"https:\/\/linitiative.ca\/International\/lyon-pourrait-liberer-slimani-cet-hiver\/"},"modified":"2022-01-28T13:16:00","modified_gmt":"2022-01-28T18:16:00","slug":"lyon-pourrait-liberer-slimani-cet-hiver","status":"publish","type":"post","link":"https:\/\/linitiative.ca\/International\/lyon-pourrait-liberer-slimani-cet-hiver\/","title":{"rendered":"Lyon pourrait lib\u00e9rer Slimani cet hiver"},"content":{"rendered":"<div>L&rsquo;Olympique Lyonnais serait dispos\u00e9 \u00e0 lib\u00e9rer Islam Slimani lors de ce mercato hivernal<\/div>\n<p>Auteur:<br \/>\n<a href=\"https:\/\/www.lebuteur.com\/article\/detail?titre=lyon-pourrait-liberer-slimani-cet-hiver&#038;id=102172\">Cliquez ici pour lire l&rsquo;article depuis sa source.<\/a><\/p>\n","protected":false},"excerpt":{"rendered":"<p>L&rsquo;Olympique Lyonnais serait dispos\u00e9 \u00e0 lib\u00e9rer Islam Slimani lors de ce mercato hivernal Auteur: Cliquez ici pour lire l&rsquo;article depuis sa source.<\/p>\n","protected":false},"author":1738,"featured_media":0,"comment_status":"closed","ping_status":"closed","sticky":false,"template":"","format":"standard","meta":{"fifu_image_url":"","fifu_image_alt":"","footnotes":""},"categories":[53,75],"tags":[],"class_list":["post-139657","post","type-post","status-publish","format-standard","hentry","category-algerie","category-sport"],"_links":{"self":[{"href":"https:\/\/linitiative.ca\/International\/wp-json\/wp\/v2\/posts\/139657","targetHints":{"allow":["GET"]}}],"collection":[{"href":"https:\/\/linitiative.ca\/International\/wp-json\/wp\/v2\/posts"}],"about":[{"href":"https:\/\/linitiative.ca\/International\/wp-json\/wp\/v2\/types\/post"}],"author":[{"embeddable":true,"href":"https:\/\/linitiative.ca\/International\/wp-json\/wp\/v2\/users\/1738"}],"replies":[{"embeddable":true,"href":"https:\/\/linitiative.ca\/International\/wp-json\/wp\/v2\/comments?post=139657"}],"version-history":[{"count":0,"href":"https:\/\/linitiative.ca\/International\/wp-json\/wp\/v2\/posts\/139657\/revisions"}],"wp:attachment":[{"href":"https:\/\/linitiative.ca\/International\/wp-json\/wp\/v2\/media?parent=139657"}],"wp:term":[{"taxonomy":"category","embeddable":true,"href":"https:\/\/linitiative.ca\/International\/wp-json\/wp\/v2\/categories?post=139657"},{"taxonomy":"post_tag","embeddable":true,"href":"https:\/\/linitiative.ca\/International\/wp-json\/wp\/v2\/tags?post=139657"}],"curies":[{"name":"wp","href":"https:\/\/api.w.org\/{rel}","templated":true}]}}