{"id":139660,"date":"2022-01-28T10:30:00","date_gmt":"2022-01-28T15:30:00","guid":{"rendered":"https:\/\/linitiative.ca\/International\/comment-developper-une-economie-verte-ou-comment-lhydrogene-vert-pourrait-etre-lelixir-des-maux-de-la-tunisie-le-probleme-de-lenergie\/"},"modified":"2022-01-28T10:30:00","modified_gmt":"2022-01-28T15:30:00","slug":"comment-developper-une-economie-verte-ou-comment-lhydrogene-vert-pourrait-etre-lelixir-des-maux-de-la-tunisie-le-probleme-de-lenergie","status":"publish","type":"post","link":"https:\/\/linitiative.ca\/International\/comment-developper-une-economie-verte-ou-comment-lhydrogene-vert-pourrait-etre-lelixir-des-maux-de-la-tunisie-le-probleme-de-lenergie\/","title":{"rendered":"Comment d\u00e9velopper une \u00e9conomie verte ou comment l\u2019hydrog\u00e8ne vert  pourrait \u00eatre l\u2019\u00e9lixir des maux de la Tunisie ? Le probl\u00e8me de l\u2019\u00e9nergie"},"content":{"rendered":"<div><img decoding=\"async\" src=\"https:\/\/linitiative.ca\/International\/wp-content\/uploads\/sites\/23\/2022\/01\/1643386037_article.jpg\" alt=\"Comment d\u00e9velopper une \u00e9conomie verte ou comment l\u2019hydrog\u00e8ne vert  pourrait \u00eatre l\u2019\u00e9lixir des maux de la Tunisie ? Le probl\u00e8me de l\u2019\u00e9nergie \" align=\"left\">Par Ing. Chokri Aslouj &#8211; Depuis l\u2019av\u00e8nement de la r\u00e9volution du peuple Tunisien et de la libert\u00e9 d\u2019expression qui allait s\u2019ensuivre, j\u2019\u00e9tais en toute modestie, un parmi d\u2019autres qui n\u2019ont cess\u00e9 de marteler que les probl\u00e8mes r\u00e9els de la Tunisie sont essentiellement des probl\u00e8mes de d\u00e9veloppement \u00e9conomique et de cr\u00e9ation de richesses et que ces derniers fournissent le bois de b\u00fbche pour attiser le feu de tous les autres probl\u00e8mes d\u2019ordre social, politique, financier, s\u00e9curitaire, etc., et que si on ne prendrait pas en toute urgence les mesures n\u00e9cessaires qui s\u2019imposent, ce feu finira par tout br\u00fbler. C\u2019\u00e9tait comme un cri dans le n\u00e9ant, la sc\u00e8ne \u00e9tait &#8230;<\/p>\n<\/div>\n<p>Auteur:<br \/>\n<a href=\"https:\/\/www.leaders.com.tn\/article\/32912-comment-developper-une-economie-verte-ou-comment-l-hydrogene-vert-pourrait-etre-l-elixir-des-maux-de-la-tunisie-le-probleme-de-l-energie\">Cliquez ici pour lire l&rsquo;article depuis sa source.<\/a><\/p>\n","protected":false},"excerpt":{"rendered":"<p>Par Ing. Chokri Aslouj &#8211; Depuis l\u2019av\u00e8nement de la r\u00e9volution du peuple Tunisien et de la libert\u00e9 d\u2019expression qui allait s\u2019ensuivre, j\u2019\u00e9tais en toute modestie, un parmi d\u2019autres qui n\u2019ont cess\u00e9 de marteler que les probl\u00e8mes r\u00e9els de la Tunisie sont essentiellement des probl\u00e8mes de d\u00e9veloppement \u00e9conomique et de cr\u00e9ation de richesses et que ces [&hellip;]<\/p>\n","protected":false},"author":1772,"featured_media":0,"comment_status":"closed","ping_status":"closed","sticky":false,"template":"","format":"standard","meta":{"fifu_image_url":"http:\/\/www.leaders.com.tn\/uploads\/content\/thumbnails_small\/1643386037_article.jpg","fifu_image_alt":"Comment d\u00e9velopper une \u00e9conomie verte ou comment l\u2019hydrog\u00e8ne vert  pourrait \u00eatre l\u2019\u00e9lixir des maux de la Tunisie ? Le probl\u00e8me de l\u2019\u00e9nergie","footnotes":""},"categories":[73,55],"tags":[],"class_list":["post-139660","post","type-post","status-publish","format-standard","hentry","category-actualite","category-tunisie"],"_links":{"self":[{"href":"https:\/\/linitiative.ca\/International\/wp-json\/wp\/v2\/posts\/139660","targetHints":{"allow":["GET"]}}],"collection":[{"href":"https:\/\/linitiative.ca\/International\/wp-json\/wp\/v2\/posts"}],"about":[{"href":"https:\/\/linitiative.ca\/International\/wp-json\/wp\/v2\/types\/post"}],"author":[{"embeddable":true,"href":"https:\/\/linitiative.ca\/International\/wp-json\/wp\/v2\/users\/1772"}],"replies":[{"embeddable":true,"href":"https:\/\/linitiative.ca\/International\/wp-json\/wp\/v2\/comments?post=139660"}],"version-history":[{"count":0,"href":"https:\/\/linitiative.ca\/International\/wp-json\/wp\/v2\/posts\/139660\/revisions"}],"wp:attachment":[{"href":"https:\/\/linitiative.ca\/International\/wp-json\/wp\/v2\/media?parent=139660"}],"wp:term":[{"taxonomy":"category","embeddable":true,"href":"https:\/\/linitiative.ca\/International\/wp-json\/wp\/v2\/categories?post=139660"},{"taxonomy":"post_tag","embeddable":true,"href":"https:\/\/linitiative.ca\/International\/wp-json\/wp\/v2\/tags?post=139660"}],"curies":[{"name":"wp","href":"https:\/\/api.w.org\/{rel}","templated":true}]}}