{"id":139662,"date":"2022-01-28T11:26:00","date_gmt":"2022-01-28T16:26:00","guid":{"rendered":"https:\/\/linitiative.ca\/International\/etat-dexception-constitutionnelle-en-tunisie-six-mois-apres-une-vision-quantitative\/"},"modified":"2022-01-28T11:26:00","modified_gmt":"2022-01-28T16:26:00","slug":"etat-dexception-constitutionnelle-en-tunisie-six-mois-apres-une-vision-quantitative","status":"publish","type":"post","link":"https:\/\/linitiative.ca\/International\/etat-dexception-constitutionnelle-en-tunisie-six-mois-apres-une-vision-quantitative\/","title":{"rendered":"Etat d\u2019exception constitutionnelle en Tunisie six mois apr\u00e8s: Une vision quantitative"},"content":{"rendered":"<div><img decoding=\"async\" src=\"https:\/\/linitiative.ca\/International\/wp-content\/uploads\/sites\/23\/2022\/01\/1643388654_article.jpg\" alt=\"Etat d\u2019exception constitutionnelle en Tunisie six mois apr\u00e8s: Une vision quantitative\" align=\"left\">Mondher Rezgui. Chercheur en sciences politiques. Tunis, le 26 janvier 2022 &#8211; Depuis le 25 juillet 2021, six mois apr\u00e8s, la Tunisie demeure sous le statut officiel d\u2019\u00e9tat d\u2019exception constitutionnelle(1). L\u2019histoire suit toujours son cours sans changements majeurs ayant un effet tangible sur le quotidien toujours difficile des tunisiens malgr\u00e9 la bouff\u00e9e d\u2019espoir occasionn\u00e9e par cet \u00e9v\u00e8nement pris par la majorit\u00e9 des citoyens comme une opportunit\u00e9 inesp\u00e9r\u00e9e pour redresser la barre d\u2019une Tunisie condamn\u00e9e au naufrage dans les eaux temp\u00e9tueuses de la d\u00e9cennie pass\u00e9e.<br \/>\nLa dynamique politique engag\u00e9e depuis n\u2019a pas cess\u00e9 de produire des remous, d\u2019animer les &#8230;<\/p>\n<\/div>\n<p>Auteur:<br \/>\n<a href=\"https:\/\/www.leaders.com.tn\/article\/32913-etat-d-exception-constitutionnelle-en-tunisie-six-mois-apres-une-vision-quantitative\">Cliquez ici pour lire l&rsquo;article depuis sa source.<\/a><\/p>\n","protected":false},"excerpt":{"rendered":"<p>Mondher Rezgui. Chercheur en sciences politiques. Tunis, le 26 janvier 2022 &#8211; Depuis le 25 juillet 2021, six mois apr\u00e8s, la Tunisie demeure sous le statut officiel d\u2019\u00e9tat d\u2019exception constitutionnelle(1). L\u2019histoire suit toujours son cours sans changements majeurs ayant un effet tangible sur le quotidien toujours difficile des tunisiens malgr\u00e9 la bouff\u00e9e d\u2019espoir occasionn\u00e9e par [&hellip;]<\/p>\n","protected":false},"author":1772,"featured_media":0,"comment_status":"closed","ping_status":"closed","sticky":false,"template":"","format":"standard","meta":{"fifu_image_url":"http:\/\/www.leaders.com.tn\/uploads\/content\/thumbnails_small\/1643388654_article.jpg","fifu_image_alt":"Etat d\u2019exception constitutionnelle en Tunisie six mois apr\u00e8s: Une vision quantitative","footnotes":""},"categories":[73,55],"tags":[],"class_list":["post-139662","post","type-post","status-publish","format-standard","hentry","category-actualite","category-tunisie"],"_links":{"self":[{"href":"https:\/\/linitiative.ca\/International\/wp-json\/wp\/v2\/posts\/139662","targetHints":{"allow":["GET"]}}],"collection":[{"href":"https:\/\/linitiative.ca\/International\/wp-json\/wp\/v2\/posts"}],"about":[{"href":"https:\/\/linitiative.ca\/International\/wp-json\/wp\/v2\/types\/post"}],"author":[{"embeddable":true,"href":"https:\/\/linitiative.ca\/International\/wp-json\/wp\/v2\/users\/1772"}],"replies":[{"embeddable":true,"href":"https:\/\/linitiative.ca\/International\/wp-json\/wp\/v2\/comments?post=139662"}],"version-history":[{"count":0,"href":"https:\/\/linitiative.ca\/International\/wp-json\/wp\/v2\/posts\/139662\/revisions"}],"wp:attachment":[{"href":"https:\/\/linitiative.ca\/International\/wp-json\/wp\/v2\/media?parent=139662"}],"wp:term":[{"taxonomy":"category","embeddable":true,"href":"https:\/\/linitiative.ca\/International\/wp-json\/wp\/v2\/categories?post=139662"},{"taxonomy":"post_tag","embeddable":true,"href":"https:\/\/linitiative.ca\/International\/wp-json\/wp\/v2\/tags?post=139662"}],"curies":[{"name":"wp","href":"https:\/\/api.w.org\/{rel}","templated":true}]}}