{"id":139664,"date":"2022-01-28T13:01:00","date_gmt":"2022-01-28T18:01:00","guid":{"rendered":"https:\/\/linitiative.ca\/International\/tunisie-telecom-une-entreprise-engagee-et-responsable\/"},"modified":"2022-01-28T13:01:00","modified_gmt":"2022-01-28T18:01:00","slug":"tunisie-telecom-une-entreprise-engagee-et-responsable","status":"publish","type":"post","link":"https:\/\/linitiative.ca\/International\/tunisie-telecom-une-entreprise-engagee-et-responsable\/","title":{"rendered":"Tunisie T\u00e9l\u00e9com, une entreprise engag\u00e9e et responsable"},"content":{"rendered":"<div><img decoding=\"async\" src=\"https:\/\/linitiative.ca\/International\/wp-content\/uploads\/sites\/23\/2022\/01\/1643389331_article.jpg\" alt=\"Tunisie T\u00e9l\u00e9com, une entreprise engag\u00e9e et responsable\" align=\"left\">Pilier strat\u00e9gique du d\u00e9veloppement du pays, Tunisie T\u00e9l\u00e9com repr\u00e9sente un acteur important dans le syst\u00e8me \u00e9conomique et social qui ne cesse de contribuer de mani\u00e8re exceptionnelle \u00e0 l\u2019accroissement de produit int\u00e9rieur brut de la Tunisie, \u00e0 la r\u00e9duction du ch\u00f4mage et \u00e0 la stimulation de la cr\u00e9ation d\u2019emplois. Elle constitue \u00e9galement la colonne vert\u00e9brale de tous les projets de digitalisation.<br \/>\nFond\u00e9e depuis 150 ans, TT est une soci\u00e9t\u00e9 engag\u00e9e et responsable qui joue un r\u00f4le moteur dans la soci\u00e9t\u00e9 et contribue \u00e9galement \u00e0 la progression de tous les domaines notamment de l\u2019\u00e9ducation par la mise en place d\u2019un service Internet haut d\u00e9bit dans les &#8230;<\/p>\n<\/div>\n<p>Auteur:<br \/>\n<a href=\"https:\/\/www.leaders.com.tn\/article\/32914-tunisie-telecom-une-entreprise-engagee-et-responsable\">Cliquez ici pour lire l&rsquo;article depuis sa source.<\/a><\/p>\n","protected":false},"excerpt":{"rendered":"<p>Pilier strat\u00e9gique du d\u00e9veloppement du pays, Tunisie T\u00e9l\u00e9com repr\u00e9sente un acteur important dans le syst\u00e8me \u00e9conomique et social qui ne cesse de contribuer de mani\u00e8re exceptionnelle \u00e0 l\u2019accroissement de produit int\u00e9rieur brut de la Tunisie, \u00e0 la r\u00e9duction du ch\u00f4mage et \u00e0 la stimulation de la cr\u00e9ation d\u2019emplois. Elle constitue \u00e9galement la colonne vert\u00e9brale de [&hellip;]<\/p>\n","protected":false},"author":1772,"featured_media":0,"comment_status":"closed","ping_status":"closed","sticky":false,"template":"","format":"standard","meta":{"fifu_image_url":"http:\/\/www.leaders.com.tn\/uploads\/content\/thumbnails_small\/1643389331_article.jpg","fifu_image_alt":"Tunisie T\u00e9l\u00e9com, une entreprise engag\u00e9e et responsable","footnotes":""},"categories":[73,55],"tags":[],"class_list":["post-139664","post","type-post","status-publish","format-standard","hentry","category-actualite","category-tunisie"],"_links":{"self":[{"href":"https:\/\/linitiative.ca\/International\/wp-json\/wp\/v2\/posts\/139664","targetHints":{"allow":["GET"]}}],"collection":[{"href":"https:\/\/linitiative.ca\/International\/wp-json\/wp\/v2\/posts"}],"about":[{"href":"https:\/\/linitiative.ca\/International\/wp-json\/wp\/v2\/types\/post"}],"author":[{"embeddable":true,"href":"https:\/\/linitiative.ca\/International\/wp-json\/wp\/v2\/users\/1772"}],"replies":[{"embeddable":true,"href":"https:\/\/linitiative.ca\/International\/wp-json\/wp\/v2\/comments?post=139664"}],"version-history":[{"count":0,"href":"https:\/\/linitiative.ca\/International\/wp-json\/wp\/v2\/posts\/139664\/revisions"}],"wp:attachment":[{"href":"https:\/\/linitiative.ca\/International\/wp-json\/wp\/v2\/media?parent=139664"}],"wp:term":[{"taxonomy":"category","embeddable":true,"href":"https:\/\/linitiative.ca\/International\/wp-json\/wp\/v2\/categories?post=139664"},{"taxonomy":"post_tag","embeddable":true,"href":"https:\/\/linitiative.ca\/International\/wp-json\/wp\/v2\/tags?post=139664"}],"curies":[{"name":"wp","href":"https:\/\/api.w.org\/{rel}","templated":true}]}}